{"id":9735,"date":"2026-02-16T10:07:22","date_gmt":"2026-02-16T07:07:22","guid":{"rendered":"https:\/\/centriplus.com\/reflections-on-2025-and-vision-for-2026\/"},"modified":"2026-02-16T15:45:04","modified_gmt":"2026-02-16T12:45:04","slug":"2025-sonu-ve-2026-baslangicina-iliskin-degerlendirme","status":"publish","type":"post","link":"https:\/\/centriplus.com\/tr\/2025-sonu-ve-2026-baslangicina-iliskin-degerlendirme\/","title":{"rendered":"2025 Sonu ve 2026 Ba\u015flang\u0131c\u0131na \u0130li\u015fkin De\u011ferlendirme"},"content":{"rendered":"[vc_row type=&#8221;in_container&#8221; full_screen_row_position=&#8221;middle&#8221; column_margin=&#8221;default&#8221; column_direction=&#8221;default&#8221; column_direction_tablet=&#8221;default&#8221; column_direction_phone=&#8221;default&#8221; scene_position=&#8221;center&#8221; text_color=&#8221;dark&#8221; text_align=&#8221;left&#8221; row_border_radius=&#8221;none&#8221; row_border_radius_applies=&#8221;bg&#8221; overflow=&#8221;visible&#8221; overlay_strength=&#8221;0.3&#8243; gradient_direction=&#8221;left_to_right&#8221; shape_divider_position=&#8221;bottom&#8221; bg_image_animation=&#8221;none&#8221;][vc_column column_padding=&#8221;no-extra-padding&#8221; column_padding_tablet=&#8221;inherit&#8221; column_padding_phone=&#8221;inherit&#8221; column_padding_position=&#8221;all&#8221; column_element_direction_desktop=&#8221;default&#8221; column_element_spacing=&#8221;default&#8221; desktop_text_alignment=&#8221;default&#8221; tablet_text_alignment=&#8221;default&#8221; phone_text_alignment=&#8221;default&#8221; background_color_opacity=&#8221;1&#8243; background_hover_color_opacity=&#8221;1&#8243; column_backdrop_filter=&#8221;none&#8221; column_shadow=&#8221;none&#8221; column_border_radius=&#8221;none&#8221; column_link_target=&#8221;_self&#8221; column_position=&#8221;default&#8221; gradient_direction=&#8221;left_to_right&#8221; overlay_strength=&#8221;0.3&#8243; width=&#8221;1\/1&#8243; tablet_width_inherit=&#8221;default&#8221; animation_type=&#8221;default&#8221; bg_image_animation=&#8221;none&#8221; border_type=&#8221;simple&#8221; column_border_width=&#8221;none&#8221; column_border_style=&#8221;solid&#8221;][vc_column_text css=&#8221;&#8221; text_direction=&#8221;default&#8221;]<span style=\"font-weight: 400;\">9 Ocak 2026 tarihinde Anemon Otel\u2019de ger\u00e7ekle\u015ftirdi\u011fimiz Y\u0131l Sonu De\u011ferlendirme ve Yeni Y\u0131l Etkinli\u011fi, 2025 y\u0131l\u0131n\u0131n de\u011ferlendirilmesi ve 2026 y\u0131l\u0131na g\u00fc\u00e7l\u00fc bir ba\u015flang\u0131\u00e7 yap\u0131lmas\u0131 amac\u0131yla bir araya geldi\u011fimiz, verimli ve keyifli bir bulu\u015fma oldu.<\/span><\/p>\n<p><span style=\"font-weight: 400;\">Etkinlik boyunca, geride b\u0131rakt\u0131\u011f\u0131m\u0131z y\u0131l\u0131n performans\u0131 ele al\u0131n\u0131rken; elde edilen ba\u015far\u0131lar, kar\u015f\u0131la\u015f\u0131lan zorluklar ve bu s\u00fcre\u00e7ten \u00e7\u0131kar\u0131lan \u00f6\u011frenimler payla\u015f\u0131ld\u0131. Ayn\u0131 zamanda, stratejik \u00e7al\u0131\u015fmalar\u0131n \u00e7\u0131kt\u0131lar\u0131 ve \u00f6n\u00fcm\u00fczdeki d\u00f6neme ili\u015fkin hedefler \u00e7al\u0131\u015fanlar\u0131m\u0131zla ortak bir bak\u0131\u015f a\u00e7\u0131s\u0131yla aktar\u0131ld\u0131.<\/span>[\/vc_column_text][\/vc_column][\/vc_row][vc_row type=&#8221;in_container&#8221; full_screen_row_position=&#8221;middle&#8221; column_margin=&#8221;default&#8221; column_direction=&#8221;default&#8221; column_direction_tablet=&#8221;default&#8221; column_direction_phone=&#8221;default&#8221; scene_position=&#8221;center&#8221; text_color=&#8221;dark&#8221; text_align=&#8221;left&#8221; row_border_radius=&#8221;none&#8221; row_border_radius_applies=&#8221;bg&#8221; overflow=&#8221;visible&#8221; overlay_strength=&#8221;0.3&#8243; gradient_direction=&#8221;left_to_right&#8221; shape_divider_position=&#8221;bottom&#8221; bg_image_animation=&#8221;none&#8221;][vc_column column_padding=&#8221;no-extra-padding&#8221; column_padding_tablet=&#8221;inherit&#8221; column_padding_phone=&#8221;inherit&#8221; column_padding_position=&#8221;all&#8221; column_element_direction_desktop=&#8221;default&#8221; column_element_spacing=&#8221;default&#8221; desktop_text_alignment=&#8221;default&#8221; tablet_text_alignment=&#8221;default&#8221; phone_text_alignment=&#8221;default&#8221; background_color_opacity=&#8221;1&#8243; background_hover_color_opacity=&#8221;1&#8243; column_backdrop_filter=&#8221;none&#8221; column_shadow=&#8221;none&#8221; column_border_radius=&#8221;none&#8221; column_link_target=&#8221;_self&#8221; column_position=&#8221;default&#8221; gradient_direction=&#8221;left_to_right&#8221; overlay_strength=&#8221;0.3&#8243; width=&#8221;1\/1&#8243; tablet_width_inherit=&#8221;default&#8221; animation_type=&#8221;default&#8221; bg_image_animation=&#8221;none&#8221; border_type=&#8221;simple&#8221; column_border_width=&#8221;none&#8221; column_border_style=&#8221;solid&#8221;][vc_gallery css=&#8221;&#8221; type=&#8221;flickity_style&#8221; images=&#8221;9663,9651,9657,9723,9669,9675,9681,9687,9693,9699,9705,9711,9717&#8243; flickity_spacing=&#8221;default&#8221; flickity_controls=&#8221;pagination&#8221; flickity_overflow=&#8221;hidden&#8221; flickity_wrap_around=&#8221;wrap&#8221; flickity_desktop_columns=&#8221;1&#8243; flickity_small_desktop_columns=&#8221;1&#8243; flickity_tablet_columns=&#8221;1&#8243; flickity_phone_columns=&#8221;1&#8243; flickity_box_shadow=&#8221;none&#8221; image_loading=&#8221;default&#8221; onclick=&#8221;link_no&#8221;][\/vc_column][\/vc_row][vc_row type=&#8221;in_container&#8221; full_screen_row_position=&#8221;middle&#8221; column_margin=&#8221;default&#8221; column_direction=&#8221;default&#8221; column_direction_tablet=&#8221;default&#8221; column_direction_phone=&#8221;default&#8221; scene_position=&#8221;center&#8221; text_color=&#8221;dark&#8221; text_align=&#8221;left&#8221; row_border_radius=&#8221;none&#8221; row_border_radius_applies=&#8221;bg&#8221; overflow=&#8221;visible&#8221; overlay_strength=&#8221;0.3&#8243; gradient_direction=&#8221;left_to_right&#8221; shape_divider_position=&#8221;bottom&#8221; bg_image_animation=&#8221;none&#8221;][vc_column column_padding=&#8221;no-extra-padding&#8221; column_padding_tablet=&#8221;inherit&#8221; column_padding_phone=&#8221;inherit&#8221; column_padding_position=&#8221;all&#8221; column_element_direction_desktop=&#8221;default&#8221; column_element_spacing=&#8221;default&#8221; desktop_text_alignment=&#8221;default&#8221; tablet_text_alignment=&#8221;default&#8221; phone_text_alignment=&#8221;default&#8221; background_color_opacity=&#8221;1&#8243; background_hover_color_opacity=&#8221;1&#8243; column_backdrop_filter=&#8221;none&#8221; column_shadow=&#8221;none&#8221; column_border_radius=&#8221;none&#8221; column_link_target=&#8221;_self&#8221; column_position=&#8221;default&#8221; gradient_direction=&#8221;left_to_right&#8221; overlay_strength=&#8221;0.3&#8243; width=&#8221;1\/1&#8243; tablet_width_inherit=&#8221;default&#8221; animation_type=&#8221;default&#8221; bg_image_animation=&#8221;none&#8221; border_type=&#8221;simple&#8221; column_border_width=&#8221;none&#8221; column_border_style=&#8221;solid&#8221;][vc_column_text css=&#8221;&#8221; text_direction=&#8221;default&#8221;]<span style=\"font-weight: 400;\">G\u00fcn\u00fcn sonunda d\u00fczenlenen \u015firket yeme\u011finde ise y\u0131l boyunca emek veren ekip arkada\u015flar\u0131m\u0131z i\u00e7in \u00f6zel anlar ya\u015fand\u0131. Y\u0131l\u0131n Enleri payla\u015f\u0131l\u0131rken, \u00e7al\u0131\u015fanlar\u0131m\u0131z\u0131n isimlerinin yer ald\u0131\u011f\u0131 bir \u00e7ekili\u015f sonucunda belirlenen 5 \u015fansl\u0131 \u00e7al\u0131\u015fan\u0131m\u0131za s\u00fcrpriz hediyeler takdim edildi. Kutlamalar, pasta kesimiyle devam ederken, yeni y\u0131l co\u015fkusu hep birlikte payla\u015f\u0131ld\u0131!<\/span><\/p>\n<p><span style=\"font-weight: 400;\">Y\u0131l Sonu De\u011ferlendirme ve Yeni Y\u0131l Etkinli\u011fimiz; ekip ruhumuzu g\u00fc\u00e7lendiren, ba\u015far\u0131lar\u0131m\u0131z\u0131 birlikte kutlad\u0131\u011f\u0131m\u0131z ve gelece\u011fe dair motivasyonumuzu peki\u015ftiren anlaml\u0131 bir organizasyon olarak tamamland\u0131.\u00a0<\/span><\/p>\n<p><span style=\"font-weight: 400;\">Bu organizasyonun hayata ge\u00e7irilmesinde eme\u011fi ge\u00e7en t\u00fcm ekip arkada\u015flar\u0131m\u0131za ve kat\u0131l\u0131m sa\u011flayarak bu \u00f6zel g\u00fcn\u00fc bizimle payla\u015fan t\u00fcm \u00e7al\u0131\u015fanlar\u0131m\u0131za te\u015fekk\u00fcr eder, yeni y\u0131lda birlikte nice ba\u015far\u0131lara yine birlikte imza atmay\u0131 dileriz.<\/span>[\/vc_column_text][\/vc_column][\/vc_row]\n","protected":false},"excerpt":{"rendered":"<p>[vc_row type=&#8221;in_container&#8221; full_screen_row_position=&#8221;middle&#8221; column_margin=&#8221;default&#8221; column_direction=&#8221;default&#8221; column_direction_tablet=&#8221;default&#8221; column_direction_phone=&#8221;default&#8221; scene_position=&#8221;center&#8221; text_color=&#8221;dark&#8221; text_align=&#8221;left&#8221; row_border_radius=&#8221;none&#8221; row_border_radius_applies=&#8221;bg&#8221; overflow=&#8221;visible&#8221; overlay_strength=&#8221;0.3&#8243; gradient_direction=&#8221;left_to_right&#8221;&#8230;<\/p>\n","protected":false},"author":1,"featured_media":9668,"comment_status":"closed","ping_status":"open","sticky":false,"template":"","format":"standard","meta":{"footnotes":""},"categories":[57],"tags":[],"class_list":{"0":"post-9735","1":"post","2":"type-post","3":"status-publish","4":"format-standard","5":"has-post-thumbnail","7":"category-haberler"},"yoast_head":"<!-- This site is optimized with the Yoast SEO plugin v27.5 - https:\/\/yoast.com\/product\/yoast-seo-wordpress\/ -->\n<title>2025 Sonu ve 2026 Ba\u015flang\u0131c\u0131na \u0130li\u015fkin De\u011ferlendirme - Centriplus | Keep Producing Plus Value<\/title>\n<meta name=\"description\" content=\"9 Ocak 2026 tarihinde Anemon Otel&#039;de d\u00fczenlenen Y\u0131l Sonu De\u011ferlendirme ve Yeni Y\u0131l Etkinli\u011fi&#039;nde 2025 y\u0131l\u0131ndaki ba\u015far\u0131lar\u0131m\u0131z ve 2026 y\u0131l\u0131na y\u00f6nelik vizyonumuz kutland\u0131.\" \/>\n<meta name=\"robots\" content=\"index, follow, max-snippet:-1, max-image-preview:large, max-video-preview:-1\" \/>\n<link rel=\"canonical\" href=\"https:\/\/centriplus.com\/tr\/2025-sonu-ve-2026-baslangicina-iliskin-degerlendirme\/\" \/>\n<meta property=\"og:locale\" content=\"tr_TR\" \/>\n<meta property=\"og:type\" content=\"article\" \/>\n<meta property=\"og:title\" content=\"2025 Sonu ve 2026 Ba\u015flang\u0131c\u0131na \u0130li\u015fkin De\u011ferlendirme - Centriplus | Keep Producing Plus Value\" \/>\n<meta property=\"og:description\" content=\"9 Ocak 2026 tarihinde Anemon Otel&#039;de d\u00fczenlenen Y\u0131l Sonu De\u011ferlendirme ve Yeni Y\u0131l Etkinli\u011fi&#039;nde 2025 y\u0131l\u0131ndaki ba\u015far\u0131lar\u0131m\u0131z ve 2026 y\u0131l\u0131na y\u00f6nelik vizyonumuz kutland\u0131.\" \/>\n<meta property=\"og:url\" content=\"https:\/\/centriplus.com\/tr\/2025-sonu-ve-2026-baslangicina-iliskin-degerlendirme\/\" \/>\n<meta property=\"og:site_name\" content=\"Centriplus | Keep Producing Plus Value\" \/>\n<meta property=\"article:publisher\" content=\"https:\/\/www.facebook.com\/centriplusglobal\" \/>\n<meta property=\"article:published_time\" content=\"2026-02-16T07:07:22+00:00\" \/>\n<meta property=\"article:modified_time\" content=\"2026-02-16T12:45:04+00:00\" \/>\n<meta property=\"og:image\" content=\"https:\/\/centriplus.com\/wp-content\/uploads\/2026\/02\/reflections-on-2025-and-vision-for-2026-4.jpg\" \/>\n\t<meta property=\"og:image:width\" content=\"1520\" \/>\n\t<meta property=\"og:image:height\" content=\"1011\" \/>\n\t<meta property=\"og:image:type\" content=\"image\/jpeg\" \/>\n<meta name=\"author\" content=\"Centriplus\" \/>\n<meta name=\"twitter:card\" content=\"summary_large_image\" \/>\n<meta name=\"twitter:label1\" content=\"Yazan:\" \/>\n\t<meta name=\"twitter:data1\" content=\"Centriplus\" \/>\n\t<meta name=\"twitter:label2\" content=\"Tahmini okuma s\u00fcresi\" \/>\n\t<meta name=\"twitter:data2\" content=\"2 dakika\" \/>\n<script type=\"application\/ld+json\" class=\"yoast-schema-graph\">{\"@context\":\"https:\\\/\\\/schema.org\",\"@graph\":[{\"@type\":\"Article\",\"@id\":\"https:\\\/\\\/centriplus.com\\\/tr\\\/2025-sonu-ve-2026-baslangicina-iliskin-degerlendirme\\\/#article\",\"isPartOf\":{\"@id\":\"https:\\\/\\\/centriplus.com\\\/tr\\\/2025-sonu-ve-2026-baslangicina-iliskin-degerlendirme\\\/\"},\"author\":{\"name\":\"Centriplus\",\"@id\":\"https:\\\/\\\/centriplus.com\\\/tr\\\/#\\\/schema\\\/person\\\/28acecaaa09a98c45bb2dab9c80da196\"},\"headline\":\"2025 Sonu ve 2026 Ba\u015flang\u0131c\u0131na \u0130li\u015fkin De\u011ferlendirme\",\"datePublished\":\"2026-02-16T07:07:22+00:00\",\"dateModified\":\"2026-02-16T12:45:04+00:00\",\"mainEntityOfPage\":{\"@id\":\"https:\\\/\\\/centriplus.com\\\/tr\\\/2025-sonu-ve-2026-baslangicina-iliskin-degerlendirme\\\/\"},\"wordCount\":811,\"publisher\":{\"@id\":\"https:\\\/\\\/centriplus.com\\\/tr\\\/#organization\"},\"image\":{\"@id\":\"https:\\\/\\\/centriplus.com\\\/tr\\\/2025-sonu-ve-2026-baslangicina-iliskin-degerlendirme\\\/#primaryimage\"},\"thumbnailUrl\":\"https:\\\/\\\/centriplus.com\\\/wp-content\\\/uploads\\\/2026\\\/02\\\/reflections-on-2025-and-vision-for-2026-4.jpg\",\"articleSection\":[\"Haberler\"],\"inLanguage\":\"tr\"},{\"@type\":\"WebPage\",\"@id\":\"https:\\\/\\\/centriplus.com\\\/tr\\\/2025-sonu-ve-2026-baslangicina-iliskin-degerlendirme\\\/\",\"url\":\"https:\\\/\\\/centriplus.com\\\/tr\\\/2025-sonu-ve-2026-baslangicina-iliskin-degerlendirme\\\/\",\"name\":\"2025 Sonu ve 2026 Ba\u015flang\u0131c\u0131na \u0130li\u015fkin De\u011ferlendirme - Centriplus | Keep Producing Plus Value\",\"isPartOf\":{\"@id\":\"https:\\\/\\\/centriplus.com\\\/tr\\\/#website\"},\"primaryImageOfPage\":{\"@id\":\"https:\\\/\\\/centriplus.com\\\/tr\\\/2025-sonu-ve-2026-baslangicina-iliskin-degerlendirme\\\/#primaryimage\"},\"image\":{\"@id\":\"https:\\\/\\\/centriplus.com\\\/tr\\\/2025-sonu-ve-2026-baslangicina-iliskin-degerlendirme\\\/#primaryimage\"},\"thumbnailUrl\":\"https:\\\/\\\/centriplus.com\\\/wp-content\\\/uploads\\\/2026\\\/02\\\/reflections-on-2025-and-vision-for-2026-4.jpg\",\"datePublished\":\"2026-02-16T07:07:22+00:00\",\"dateModified\":\"2026-02-16T12:45:04+00:00\",\"description\":\"9 Ocak 2026 tarihinde Anemon Otel'de d\u00fczenlenen Y\u0131l Sonu De\u011ferlendirme ve Yeni Y\u0131l Etkinli\u011fi'nde 2025 y\u0131l\u0131ndaki ba\u015far\u0131lar\u0131m\u0131z ve 2026 y\u0131l\u0131na y\u00f6nelik vizyonumuz kutland\u0131.\",\"breadcrumb\":{\"@id\":\"https:\\\/\\\/centriplus.com\\\/tr\\\/2025-sonu-ve-2026-baslangicina-iliskin-degerlendirme\\\/#breadcrumb\"},\"inLanguage\":\"tr\",\"potentialAction\":[{\"@type\":\"ReadAction\",\"target\":[\"https:\\\/\\\/centriplus.com\\\/tr\\\/2025-sonu-ve-2026-baslangicina-iliskin-degerlendirme\\\/\"]}]},{\"@type\":\"ImageObject\",\"inLanguage\":\"tr\",\"@id\":\"https:\\\/\\\/centriplus.com\\\/tr\\\/2025-sonu-ve-2026-baslangicina-iliskin-degerlendirme\\\/#primaryimage\",\"url\":\"https:\\\/\\\/centriplus.com\\\/wp-content\\\/uploads\\\/2026\\\/02\\\/reflections-on-2025-and-vision-for-2026-4.jpg\",\"contentUrl\":\"https:\\\/\\\/centriplus.com\\\/wp-content\\\/uploads\\\/2026\\\/02\\\/reflections-on-2025-and-vision-for-2026-4.jpg\",\"width\":1520,\"height\":1011,\"caption\":\"reflections on 2025 and vision for 2026\"},{\"@type\":\"BreadcrumbList\",\"@id\":\"https:\\\/\\\/centriplus.com\\\/tr\\\/2025-sonu-ve-2026-baslangicina-iliskin-degerlendirme\\\/#breadcrumb\",\"itemListElement\":[{\"@type\":\"ListItem\",\"position\":1,\"name\":\"Home\",\"item\":\"https:\\\/\\\/centriplus.com\\\/tr\\\/\"},{\"@type\":\"ListItem\",\"position\":2,\"name\":\"2025 Sonu ve 2026 Ba\u015flang\u0131c\u0131na \u0130li\u015fkin De\u011ferlendirme\"}]},{\"@type\":\"WebSite\",\"@id\":\"https:\\\/\\\/centriplus.com\\\/tr\\\/#website\",\"url\":\"https:\\\/\\\/centriplus.com\\\/tr\\\/\",\"name\":\"Centriplus | Keep Producing Plus Value\",\"description\":\"\",\"publisher\":{\"@id\":\"https:\\\/\\\/centriplus.com\\\/tr\\\/#organization\"},\"potentialAction\":[{\"@type\":\"SearchAction\",\"target\":{\"@type\":\"EntryPoint\",\"urlTemplate\":\"https:\\\/\\\/centriplus.com\\\/tr\\\/?s={search_term_string}\"},\"query-input\":{\"@type\":\"PropertyValueSpecification\",\"valueRequired\":true,\"valueName\":\"search_term_string\"}}],\"inLanguage\":\"tr\"},{\"@type\":\"Organization\",\"@id\":\"https:\\\/\\\/centriplus.com\\\/tr\\\/#organization\",\"name\":\"Centriplus | Keep Producing Plus Value\",\"url\":\"https:\\\/\\\/centriplus.com\\\/tr\\\/\",\"logo\":{\"@type\":\"ImageObject\",\"inLanguage\":\"tr\",\"@id\":\"https:\\\/\\\/centriplus.com\\\/tr\\\/#\\\/schema\\\/logo\\\/image\\\/\",\"url\":\"https:\\\/\\\/centriplus.com\\\/wp-content\\\/uploads\\\/2024\\\/08\\\/centriplus-company-logo.jpg\",\"contentUrl\":\"https:\\\/\\\/centriplus.com\\\/wp-content\\\/uploads\\\/2024\\\/08\\\/centriplus-company-logo.jpg\",\"width\":512,\"height\":512,\"caption\":\"Centriplus | Keep Producing Plus Value\"},\"image\":{\"@id\":\"https:\\\/\\\/centriplus.com\\\/tr\\\/#\\\/schema\\\/logo\\\/image\\\/\"},\"sameAs\":[\"https:\\\/\\\/www.facebook.com\\\/centriplusglobal\",\"https:\\\/\\\/www.instagram.com\\\/centriplusseptech\\\/\"]},{\"@type\":\"Person\",\"@id\":\"https:\\\/\\\/centriplus.com\\\/tr\\\/#\\\/schema\\\/person\\\/28acecaaa09a98c45bb2dab9c80da196\",\"name\":\"Centriplus\",\"image\":{\"@type\":\"ImageObject\",\"inLanguage\":\"tr\",\"@id\":\"https:\\\/\\\/centriplus.com\\\/wp-content\\\/uploads\\\/2024\\\/07\\\/cropped-favico-100x100.png\",\"url\":\"https:\\\/\\\/centriplus.com\\\/wp-content\\\/uploads\\\/2024\\\/07\\\/cropped-favico-100x100.png\",\"contentUrl\":\"https:\\\/\\\/centriplus.com\\\/wp-content\\\/uploads\\\/2024\\\/07\\\/cropped-favico-100x100.png\",\"caption\":\"Centriplus\"},\"sameAs\":[\"https:\\\/\\\/centriplus.test\"],\"url\":\"https:\\\/\\\/centriplus.com\\\/tr\\\/author\\\/ibrahimturan\\\/\"}]}<\/script>\n<!-- \/ Yoast SEO plugin. -->","yoast_head_json":{"title":"2025 Sonu ve 2026 Ba\u015flang\u0131c\u0131na \u0130li\u015fkin De\u011ferlendirme - Centriplus | Keep Producing Plus Value","description":"9 Ocak 2026 tarihinde Anemon Otel'de d\u00fczenlenen Y\u0131l Sonu De\u011ferlendirme ve Yeni Y\u0131l Etkinli\u011fi'nde 2025 y\u0131l\u0131ndaki ba\u015far\u0131lar\u0131m\u0131z ve 2026 y\u0131l\u0131na y\u00f6nelik vizyonumuz kutland\u0131.","robots":{"index":"index","follow":"follow","max-snippet":"max-snippet:-1","max-image-preview":"max-image-preview:large","max-video-preview":"max-video-preview:-1"},"canonical":"https:\/\/centriplus.com\/tr\/2025-sonu-ve-2026-baslangicina-iliskin-degerlendirme\/","og_locale":"tr_TR","og_type":"article","og_title":"2025 Sonu ve 2026 Ba\u015flang\u0131c\u0131na \u0130li\u015fkin De\u011ferlendirme - Centriplus | Keep Producing Plus Value","og_description":"9 Ocak 2026 tarihinde Anemon Otel'de d\u00fczenlenen Y\u0131l Sonu De\u011ferlendirme ve Yeni Y\u0131l Etkinli\u011fi'nde 2025 y\u0131l\u0131ndaki ba\u015far\u0131lar\u0131m\u0131z ve 2026 y\u0131l\u0131na y\u00f6nelik vizyonumuz kutland\u0131.","og_url":"https:\/\/centriplus.com\/tr\/2025-sonu-ve-2026-baslangicina-iliskin-degerlendirme\/","og_site_name":"Centriplus | Keep Producing Plus Value","article_publisher":"https:\/\/www.facebook.com\/centriplusglobal","article_published_time":"2026-02-16T07:07:22+00:00","article_modified_time":"2026-02-16T12:45:04+00:00","og_image":[{"width":1520,"height":1011,"url":"https:\/\/centriplus.com\/wp-content\/uploads\/2026\/02\/reflections-on-2025-and-vision-for-2026-4.jpg","type":"image\/jpeg"}],"author":"Centriplus","twitter_card":"summary_large_image","twitter_misc":{"Yazan:":"Centriplus","Tahmini okuma s\u00fcresi":"2 dakika"},"schema":{"@context":"https:\/\/schema.org","@graph":[{"@type":"Article","@id":"https:\/\/centriplus.com\/tr\/2025-sonu-ve-2026-baslangicina-iliskin-degerlendirme\/#article","isPartOf":{"@id":"https:\/\/centriplus.com\/tr\/2025-sonu-ve-2026-baslangicina-iliskin-degerlendirme\/"},"author":{"name":"Centriplus","@id":"https:\/\/centriplus.com\/tr\/#\/schema\/person\/28acecaaa09a98c45bb2dab9c80da196"},"headline":"2025 Sonu ve 2026 Ba\u015flang\u0131c\u0131na \u0130li\u015fkin De\u011ferlendirme","datePublished":"2026-02-16T07:07:22+00:00","dateModified":"2026-02-16T12:45:04+00:00","mainEntityOfPage":{"@id":"https:\/\/centriplus.com\/tr\/2025-sonu-ve-2026-baslangicina-iliskin-degerlendirme\/"},"wordCount":811,"publisher":{"@id":"https:\/\/centriplus.com\/tr\/#organization"},"image":{"@id":"https:\/\/centriplus.com\/tr\/2025-sonu-ve-2026-baslangicina-iliskin-degerlendirme\/#primaryimage"},"thumbnailUrl":"https:\/\/centriplus.com\/wp-content\/uploads\/2026\/02\/reflections-on-2025-and-vision-for-2026-4.jpg","articleSection":["Haberler"],"inLanguage":"tr"},{"@type":"WebPage","@id":"https:\/\/centriplus.com\/tr\/2025-sonu-ve-2026-baslangicina-iliskin-degerlendirme\/","url":"https:\/\/centriplus.com\/tr\/2025-sonu-ve-2026-baslangicina-iliskin-degerlendirme\/","name":"2025 Sonu ve 2026 Ba\u015flang\u0131c\u0131na \u0130li\u015fkin De\u011ferlendirme - Centriplus | Keep Producing Plus Value","isPartOf":{"@id":"https:\/\/centriplus.com\/tr\/#website"},"primaryImageOfPage":{"@id":"https:\/\/centriplus.com\/tr\/2025-sonu-ve-2026-baslangicina-iliskin-degerlendirme\/#primaryimage"},"image":{"@id":"https:\/\/centriplus.com\/tr\/2025-sonu-ve-2026-baslangicina-iliskin-degerlendirme\/#primaryimage"},"thumbnailUrl":"https:\/\/centriplus.com\/wp-content\/uploads\/2026\/02\/reflections-on-2025-and-vision-for-2026-4.jpg","datePublished":"2026-02-16T07:07:22+00:00","dateModified":"2026-02-16T12:45:04+00:00","description":"9 Ocak 2026 tarihinde Anemon Otel'de d\u00fczenlenen Y\u0131l Sonu De\u011ferlendirme ve Yeni Y\u0131l Etkinli\u011fi'nde 2025 y\u0131l\u0131ndaki ba\u015far\u0131lar\u0131m\u0131z ve 2026 y\u0131l\u0131na y\u00f6nelik vizyonumuz kutland\u0131.","breadcrumb":{"@id":"https:\/\/centriplus.com\/tr\/2025-sonu-ve-2026-baslangicina-iliskin-degerlendirme\/#breadcrumb"},"inLanguage":"tr","potentialAction":[{"@type":"ReadAction","target":["https:\/\/centriplus.com\/tr\/2025-sonu-ve-2026-baslangicina-iliskin-degerlendirme\/"]}]},{"@type":"ImageObject","inLanguage":"tr","@id":"https:\/\/centriplus.com\/tr\/2025-sonu-ve-2026-baslangicina-iliskin-degerlendirme\/#primaryimage","url":"https:\/\/centriplus.com\/wp-content\/uploads\/2026\/02\/reflections-on-2025-and-vision-for-2026-4.jpg","contentUrl":"https:\/\/centriplus.com\/wp-content\/uploads\/2026\/02\/reflections-on-2025-and-vision-for-2026-4.jpg","width":1520,"height":1011,"caption":"reflections on 2025 and vision for 2026"},{"@type":"BreadcrumbList","@id":"https:\/\/centriplus.com\/tr\/2025-sonu-ve-2026-baslangicina-iliskin-degerlendirme\/#breadcrumb","itemListElement":[{"@type":"ListItem","position":1,"name":"Home","item":"https:\/\/centriplus.com\/tr\/"},{"@type":"ListItem","position":2,"name":"2025 Sonu ve 2026 Ba\u015flang\u0131c\u0131na \u0130li\u015fkin De\u011ferlendirme"}]},{"@type":"WebSite","@id":"https:\/\/centriplus.com\/tr\/#website","url":"https:\/\/centriplus.com\/tr\/","name":"Centriplus | Keep Producing Plus Value","description":"","publisher":{"@id":"https:\/\/centriplus.com\/tr\/#organization"},"potentialAction":[{"@type":"SearchAction","target":{"@type":"EntryPoint","urlTemplate":"https:\/\/centriplus.com\/tr\/?s={search_term_string}"},"query-input":{"@type":"PropertyValueSpecification","valueRequired":true,"valueName":"search_term_string"}}],"inLanguage":"tr"},{"@type":"Organization","@id":"https:\/\/centriplus.com\/tr\/#organization","name":"Centriplus | Keep Producing Plus Value","url":"https:\/\/centriplus.com\/tr\/","logo":{"@type":"ImageObject","inLanguage":"tr","@id":"https:\/\/centriplus.com\/tr\/#\/schema\/logo\/image\/","url":"https:\/\/centriplus.com\/wp-content\/uploads\/2024\/08\/centriplus-company-logo.jpg","contentUrl":"https:\/\/centriplus.com\/wp-content\/uploads\/2024\/08\/centriplus-company-logo.jpg","width":512,"height":512,"caption":"Centriplus | Keep Producing Plus Value"},"image":{"@id":"https:\/\/centriplus.com\/tr\/#\/schema\/logo\/image\/"},"sameAs":["https:\/\/www.facebook.com\/centriplusglobal","https:\/\/www.instagram.com\/centriplusseptech\/"]},{"@type":"Person","@id":"https:\/\/centriplus.com\/tr\/#\/schema\/person\/28acecaaa09a98c45bb2dab9c80da196","name":"Centriplus","image":{"@type":"ImageObject","inLanguage":"tr","@id":"https:\/\/centriplus.com\/wp-content\/uploads\/2024\/07\/cropped-favico-100x100.png","url":"https:\/\/centriplus.com\/wp-content\/uploads\/2024\/07\/cropped-favico-100x100.png","contentUrl":"https:\/\/centriplus.com\/wp-content\/uploads\/2024\/07\/cropped-favico-100x100.png","caption":"Centriplus"},"sameAs":["https:\/\/centriplus.test"],"url":"https:\/\/centriplus.com\/tr\/author\/ibrahimturan\/"}]}},"_links":{"self":[{"href":"https:\/\/centriplus.com\/tr\/wp-json\/wp\/v2\/posts\/9735","targetHints":{"allow":["GET"]}}],"collection":[{"href":"https:\/\/centriplus.com\/tr\/wp-json\/wp\/v2\/posts"}],"about":[{"href":"https:\/\/centriplus.com\/tr\/wp-json\/wp\/v2\/types\/post"}],"author":[{"embeddable":true,"href":"https:\/\/centriplus.com\/tr\/wp-json\/wp\/v2\/users\/1"}],"replies":[{"embeddable":true,"href":"https:\/\/centriplus.com\/tr\/wp-json\/wp\/v2\/comments?post=9735"}],"version-history":[{"count":2,"href":"https:\/\/centriplus.com\/tr\/wp-json\/wp\/v2\/posts\/9735\/revisions"}],"predecessor-version":[{"id":9738,"href":"https:\/\/centriplus.com\/tr\/wp-json\/wp\/v2\/posts\/9735\/revisions\/9738"}],"wp:featuredmedia":[{"embeddable":true,"href":"https:\/\/centriplus.com\/tr\/wp-json\/wp\/v2\/media\/9668"}],"wp:attachment":[{"href":"https:\/\/centriplus.com\/tr\/wp-json\/wp\/v2\/media?parent=9735"}],"wp:term":[{"taxonomy":"category","embeddable":true,"href":"https:\/\/centriplus.com\/tr\/wp-json\/wp\/v2\/categories?post=9735"},{"taxonomy":"post_tag","embeddable":true,"href":"https:\/\/centriplus.com\/tr\/wp-json\/wp\/v2\/tags?post=9735"}],"curies":[{"name":"wp","href":"https:\/\/api.w.org\/{rel}","templated":true}]}}