{"id":8196,"date":"2025-03-19T00:19:11","date_gmt":"2025-03-18T21:19:11","guid":{"rendered":"https:\/\/centriplus.com\/centriplus-expands-footprint-with-the-launch-of-centriplus-africa\/"},"modified":"2025-04-17T10:01:53","modified_gmt":"2025-04-17T07:01:53","slug":"centriplus-afrikada-onemli-atama-mala-nair-afrika-pazarindaki-buyumeyi-yonlendirmek-icin-genel-mudur-olarak-atandi","status":"publish","type":"post","link":"https:\/\/centriplus.com\/tr\/centriplus-afrikada-onemli-atama-mala-nair-afrika-pazarindaki-buyumeyi-yonlendirmek-icin-genel-mudur-olarak-atandi\/","title":{"rendered":"Centriplus Afrika\u2019da \u00d6nemli Atama: Mala Nair, Afrika Pazar\u0131&#8217;ndaki B\u00fcy\u00fcmeyi Y\u00f6nlendirmek \u0130\u00e7in Genel M\u00fcd\u00fcr Olarak Atand\u0131"},"content":{"rendered":"[vc_row type=&#8221;in_container&#8221; full_screen_row_position=&#8221;middle&#8221; column_margin=&#8221;default&#8221; column_direction=&#8221;default&#8221; column_direction_tablet=&#8221;default&#8221; column_direction_phone=&#8221;default&#8221; scene_position=&#8221;center&#8221; text_color=&#8221;dark&#8221; text_align=&#8221;left&#8221; row_border_radius=&#8221;none&#8221; row_border_radius_applies=&#8221;bg&#8221; overflow=&#8221;visible&#8221; overlay_strength=&#8221;0.3&#8243; gradient_direction=&#8221;left_to_right&#8221; shape_divider_position=&#8221;bottom&#8221; bg_image_animation=&#8221;none&#8221;][vc_column column_padding=&#8221;no-extra-padding&#8221; column_padding_tablet=&#8221;inherit&#8221; column_padding_phone=&#8221;inherit&#8221; column_padding_position=&#8221;all&#8221; column_element_direction_desktop=&#8221;default&#8221; column_element_spacing=&#8221;default&#8221; desktop_text_alignment=&#8221;default&#8221; tablet_text_alignment=&#8221;default&#8221; phone_text_alignment=&#8221;default&#8221; background_color_opacity=&#8221;1&#8243; background_hover_color_opacity=&#8221;1&#8243; column_backdrop_filter=&#8221;none&#8221; column_shadow=&#8221;none&#8221; column_border_radius=&#8221;none&#8221; column_link_target=&#8221;_self&#8221; column_position=&#8221;default&#8221; gradient_direction=&#8221;left_to_right&#8221; overlay_strength=&#8221;0.3&#8243; width=&#8221;1\/1&#8243; tablet_width_inherit=&#8221;default&#8221; animation_type=&#8221;default&#8221; bg_image_animation=&#8221;none&#8221; border_type=&#8221;simple&#8221; column_border_width=&#8221;none&#8221; column_border_style=&#8221;solid&#8221;][vc_column_text css=&#8221;&#8221; text_direction=&#8221;default&#8221;]<b>Centriplus, Centriplus Afrika ile \u0130zini Geni\u015fletiyor<\/b><\/p>\n<p><span style=\"font-weight: 400;\">Centriplus, Afrika pazar\u0131na hizmet vermek i\u00e7in yeni bir stratejik i\u015f orta\u011f\u0131 olan Centriplus Afrika&#8217;y\u0131 duyurmaktan gurur duyar. Bu geni\u015fleme, \u015firketin b\u00fcy\u00fcmesinde \u00f6nemli bir d\u00f6n\u00fcm noktas\u0131n\u0131 i\u015faret ediyor ve k\u0131ta genelinde yenilik\u00e7i \u00e7\u00f6z\u00fcmler ve hizmetler sunma konusundaki taahh\u00fcd\u00fcn\u00fc peki\u015ftiriyor.<\/span><\/p>\n<p><span style=\"font-weight: 400;\">Bu heyecan verici yeni giri\u015fimi y\u00f6nlendirecek ki\u015fi, Genel M\u00fcd\u00fcr olarak g\u00f6rev alacak Mala Nair\u2019 d\u0131r. Mala, kapsaml\u0131 liderlik deneyimi ve sekt\u00f6re dair derin anlay\u0131\u015f\u0131yla, Afrika\u2019daki b\u00fcy\u00fcmeyi y\u00f6nlendirmekte, stratejik ortakl\u0131klar geli\u015ftirmekte ve k\u0131tadaki m\u00fc\u015fterilere y\u00fcksek kaliteli hizmet sunmakta g\u00fc\u00e7l\u00fc bir konumda olacakt\u0131r.<\/span>[\/vc_column_text][\/vc_column][\/vc_row][vc_row type=&#8221;in_container&#8221; full_screen_row_position=&#8221;middle&#8221; column_margin=&#8221;default&#8221; column_direction=&#8221;default&#8221; column_direction_tablet=&#8221;default&#8221; column_direction_phone=&#8221;default&#8221; scene_position=&#8221;center&#8221; text_color=&#8221;dark&#8221; text_align=&#8221;left&#8221; row_border_radius=&#8221;none&#8221; row_border_radius_applies=&#8221;bg&#8221; overflow=&#8221;visible&#8221; overlay_strength=&#8221;0.3&#8243; gradient_direction=&#8221;left_to_right&#8221; shape_divider_position=&#8221;bottom&#8221; bg_image_animation=&#8221;none&#8221;][vc_column column_padding=&#8221;no-extra-padding&#8221; column_padding_tablet=&#8221;inherit&#8221; column_padding_phone=&#8221;inherit&#8221; column_padding_position=&#8221;all&#8221; column_element_direction_desktop=&#8221;default&#8221; column_element_spacing=&#8221;default&#8221; desktop_text_alignment=&#8221;default&#8221; tablet_text_alignment=&#8221;default&#8221; phone_text_alignment=&#8221;default&#8221; background_color_opacity=&#8221;1&#8243; background_hover_color_opacity=&#8221;1&#8243; column_backdrop_filter=&#8221;none&#8221; column_shadow=&#8221;none&#8221; column_border_radius=&#8221;none&#8221; column_link_target=&#8221;_self&#8221; column_position=&#8221;default&#8221; gradient_direction=&#8221;left_to_right&#8221; overlay_strength=&#8221;0.3&#8243; width=&#8221;1\/1&#8243; tablet_width_inherit=&#8221;default&#8221; animation_type=&#8221;default&#8221; bg_image_animation=&#8221;none&#8221; border_type=&#8221;simple&#8221; column_border_width=&#8221;none&#8221; column_border_style=&#8221;solid&#8221;][image_with_animation image_url=&#8221;8191&#8243; image_size=&#8221;full&#8221; animation_type=&#8221;entrance&#8221; animation=&#8221;None&#8221; animation_movement_type=&#8221;transform_y&#8221; hover_animation=&#8221;none&#8221; alignment=&#8221;&#8221; border_radius=&#8221;none&#8221; box_shadow=&#8221;none&#8221; image_loading=&#8221;default&#8221; max_width=&#8221;100%&#8221; max_width_mobile=&#8221;default&#8221;][\/vc_column][\/vc_row][vc_row type=&#8221;in_container&#8221; full_screen_row_position=&#8221;middle&#8221; column_margin=&#8221;default&#8221; column_direction=&#8221;default&#8221; column_direction_tablet=&#8221;default&#8221; column_direction_phone=&#8221;default&#8221; scene_position=&#8221;center&#8221; text_color=&#8221;dark&#8221; text_align=&#8221;left&#8221; row_border_radius=&#8221;none&#8221; row_border_radius_applies=&#8221;bg&#8221; overflow=&#8221;visible&#8221; overlay_strength=&#8221;0.3&#8243; gradient_direction=&#8221;left_to_right&#8221; shape_divider_position=&#8221;bottom&#8221; bg_image_animation=&#8221;none&#8221;][vc_column column_padding=&#8221;no-extra-padding&#8221; column_padding_tablet=&#8221;inherit&#8221; column_padding_phone=&#8221;inherit&#8221; column_padding_position=&#8221;all&#8221; column_element_direction_desktop=&#8221;default&#8221; column_element_spacing=&#8221;default&#8221; desktop_text_alignment=&#8221;default&#8221; tablet_text_alignment=&#8221;default&#8221; phone_text_alignment=&#8221;default&#8221; background_color_opacity=&#8221;1&#8243; background_hover_color_opacity=&#8221;1&#8243; column_backdrop_filter=&#8221;none&#8221; column_shadow=&#8221;none&#8221; column_border_radius=&#8221;none&#8221; column_link_target=&#8221;_self&#8221; column_position=&#8221;default&#8221; gradient_direction=&#8221;left_to_right&#8221; overlay_strength=&#8221;0.3&#8243; width=&#8221;1\/1&#8243; tablet_width_inherit=&#8221;default&#8221; animation_type=&#8221;default&#8221; bg_image_animation=&#8221;none&#8221; border_type=&#8221;simple&#8221; column_border_width=&#8221;none&#8221; column_border_style=&#8221;solid&#8221;][vc_column_text css=&#8221;&#8221; text_direction=&#8221;default&#8221;]<span style=\"font-weight: 400;\">Centriplus, Mala Nair ve ekibini Centriplus ekibine katmaktan dolay\u0131 heyecan duymaktad\u0131r. Onun uzmanl\u0131\u011f\u0131 ve vizyonu, misyonumuzla m\u00fckemmel bir \u015fekilde \u00f6rt\u00fc\u015fmektedir ve onun liderli\u011finde Centriplus Afrika\u2019n\u0131n g\u00fc\u00e7l\u00fc ili\u015fkiler kuraca\u011f\u0131na ve bu \u00f6nemli pazardaki etkisini daha da geni\u015fletece\u011fine olan inanc\u0131m\u0131z tamd\u0131r.<\/span><\/p>\n<p><span style=\"font-weight: 400;\">Centriplus Afrika, farkl\u0131 sekt\u00f6rlerdeki i\u015fletmelerin benzersiz ihtiya\u00e7lar\u0131na hitap eden \u00f6zel \u00e7\u00f6z\u00fcmler sunmaya odaklanacak ve Centriplus&#8217; \u0131n k\u00fcresel g\u00fcc\u00fcnden yararlan\u0131rken yerelle\u015ftirilmi\u015f bir yakla\u015f\u0131m benimseyecektir. Bu yeni giri\u015fim, b\u00f6lgede m\u00fckemmeliyet, yenilik ve m\u00fc\u015fteri memnuniyetinde yeni standartlar belirlemeyi hedeflemektedir.<\/span><\/p>\n<p><span style=\"font-weight: 400;\">Centriplus Afrika bu yolculu\u011fa \u00e7\u0131karken, \u015firket anlaml\u0131 ortakl\u0131klar kurmay\u0131, ekonomik b\u00fcy\u00fcmeyi desteklemeyi ve Afrika genelindeki end\u00fcstrilerin geli\u015fimine katk\u0131 sa\u011flamay\u0131 d\u00f6rt g\u00f6zle beklemektedir.<\/span>[\/vc_column_text][\/vc_column][\/vc_row]\n","protected":false},"excerpt":{"rendered":"<p>[vc_row type=&#8221;in_container&#8221; full_screen_row_position=&#8221;middle&#8221; column_margin=&#8221;default&#8221; column_direction=&#8221;default&#8221; column_direction_tablet=&#8221;default&#8221; column_direction_phone=&#8221;default&#8221; scene_position=&#8221;center&#8221; text_color=&#8221;dark&#8221; text_align=&#8221;left&#8221; row_border_radius=&#8221;none&#8221; row_border_radius_applies=&#8221;bg&#8221; overflow=&#8221;visible&#8221; overlay_strength=&#8221;0.3&#8243; gradient_direction=&#8221;left_to_right&#8221;&#8230;<\/p>\n","protected":false},"author":1,"featured_media":8194,"comment_status":"closed","ping_status":"open","sticky":false,"template":"","format":"standard","meta":{"footnotes":""},"categories":[57],"tags":[],"class_list":{"0":"post-8196","1":"post","2":"type-post","3":"status-publish","4":"format-standard","5":"has-post-thumbnail","7":"category-haberler"},"yoast_head":"<!-- This site is optimized with the Yoast SEO plugin v27.5 - https:\/\/yoast.com\/product\/yoast-seo-wordpress\/ -->\n<title>Centriplus Afrika\u2019da \u00d6nemli Atama: Mala Nair, Afrika Pazar\u0131&#039;ndaki B\u00fcy\u00fcmeyi Y\u00f6nlendirmek \u0130\u00e7in Genel M\u00fcd\u00fcr Olarak Atand\u0131<\/title>\n<meta name=\"description\" content=\"Centriplus, Afrika pazar\u0131na hizmet vermek i\u00e7in yeni bir stratejik i\u015f orta\u011f\u0131 olan Centriplus Afrika&#039;y\u0131 duyurmaktan gurur duyar.\" \/>\n<meta name=\"robots\" content=\"index, follow, max-snippet:-1, max-image-preview:large, max-video-preview:-1\" \/>\n<link rel=\"canonical\" href=\"https:\/\/centriplus.com\/tr\/centriplus-afrikada-onemli-atama-mala-nair-afrika-pazarindaki-buyumeyi-yonlendirmek-icin-genel-mudur-olarak-atandi\/\" \/>\n<meta property=\"og:locale\" content=\"tr_TR\" \/>\n<meta property=\"og:type\" content=\"article\" \/>\n<meta property=\"og:title\" content=\"Centriplus Afrika\u2019da \u00d6nemli Atama: Mala Nair, Afrika Pazar\u0131&#039;ndaki B\u00fcy\u00fcmeyi Y\u00f6nlendirmek \u0130\u00e7in Genel M\u00fcd\u00fcr Olarak Atand\u0131\" \/>\n<meta property=\"og:description\" content=\"Centriplus, Afrika pazar\u0131na hizmet vermek i\u00e7in yeni bir stratejik i\u015f orta\u011f\u0131 olan Centriplus Afrika&#039;y\u0131 duyurmaktan gurur duyar.\" \/>\n<meta property=\"og:url\" content=\"https:\/\/centriplus.com\/tr\/centriplus-afrikada-onemli-atama-mala-nair-afrika-pazarindaki-buyumeyi-yonlendirmek-icin-genel-mudur-olarak-atandi\/\" \/>\n<meta property=\"og:site_name\" content=\"Centriplus | Keep Producing Plus Value\" \/>\n<meta property=\"article:publisher\" content=\"https:\/\/www.facebook.com\/centriplusglobal\" \/>\n<meta property=\"article:published_time\" content=\"2025-03-18T21:19:11+00:00\" \/>\n<meta property=\"article:modified_time\" content=\"2025-04-17T07:01:53+00:00\" \/>\n<meta property=\"og:image\" content=\"https:\/\/centriplus.com\/wp-content\/uploads\/2025\/03\/Centriplus_Mala_Nair_web.jpg\" \/>\n\t<meta property=\"og:image:width\" content=\"2011\" \/>\n\t<meta property=\"og:image:height\" content=\"1162\" \/>\n\t<meta property=\"og:image:type\" content=\"image\/jpeg\" \/>\n<meta name=\"author\" content=\"Centriplus\" \/>\n<meta name=\"twitter:card\" content=\"summary_large_image\" \/>\n<meta name=\"twitter:label1\" content=\"Yazan:\" \/>\n\t<meta name=\"twitter:data1\" content=\"Centriplus\" \/>\n\t<meta name=\"twitter:label2\" content=\"Tahmini okuma s\u00fcresi\" \/>\n\t<meta name=\"twitter:data2\" content=\"2 dakika\" \/>\n<script type=\"application\/ld+json\" class=\"yoast-schema-graph\">{\"@context\":\"https:\\\/\\\/schema.org\",\"@graph\":[{\"@type\":\"Article\",\"@id\":\"https:\\\/\\\/centriplus.com\\\/tr\\\/centriplus-afrikada-onemli-atama-mala-nair-afrika-pazarindaki-buyumeyi-yonlendirmek-icin-genel-mudur-olarak-atandi\\\/#article\",\"isPartOf\":{\"@id\":\"https:\\\/\\\/centriplus.com\\\/tr\\\/centriplus-afrikada-onemli-atama-mala-nair-afrika-pazarindaki-buyumeyi-yonlendirmek-icin-genel-mudur-olarak-atandi\\\/\"},\"author\":{\"name\":\"Centriplus\",\"@id\":\"https:\\\/\\\/centriplus.com\\\/tr\\\/#\\\/schema\\\/person\\\/28acecaaa09a98c45bb2dab9c80da196\"},\"headline\":\"Centriplus Afrika\u2019da \u00d6nemli Atama: Mala Nair, Afrika Pazar\u0131&#8217;ndaki B\u00fcy\u00fcmeyi Y\u00f6nlendirmek \u0130\u00e7in Genel M\u00fcd\u00fcr Olarak Atand\u0131\",\"datePublished\":\"2025-03-18T21:19:11+00:00\",\"dateModified\":\"2025-04-17T07:01:53+00:00\",\"mainEntityOfPage\":{\"@id\":\"https:\\\/\\\/centriplus.com\\\/tr\\\/centriplus-afrikada-onemli-atama-mala-nair-afrika-pazarindaki-buyumeyi-yonlendirmek-icin-genel-mudur-olarak-atandi\\\/\"},\"wordCount\":803,\"publisher\":{\"@id\":\"https:\\\/\\\/centriplus.com\\\/tr\\\/#organization\"},\"image\":{\"@id\":\"https:\\\/\\\/centriplus.com\\\/tr\\\/centriplus-afrikada-onemli-atama-mala-nair-afrika-pazarindaki-buyumeyi-yonlendirmek-icin-genel-mudur-olarak-atandi\\\/#primaryimage\"},\"thumbnailUrl\":\"https:\\\/\\\/centriplus.com\\\/wp-content\\\/uploads\\\/2025\\\/03\\\/Centriplus_Mala_Nair_web.jpg\",\"articleSection\":[\"Haberler\"],\"inLanguage\":\"tr\"},{\"@type\":\"WebPage\",\"@id\":\"https:\\\/\\\/centriplus.com\\\/tr\\\/centriplus-afrikada-onemli-atama-mala-nair-afrika-pazarindaki-buyumeyi-yonlendirmek-icin-genel-mudur-olarak-atandi\\\/\",\"url\":\"https:\\\/\\\/centriplus.com\\\/tr\\\/centriplus-afrikada-onemli-atama-mala-nair-afrika-pazarindaki-buyumeyi-yonlendirmek-icin-genel-mudur-olarak-atandi\\\/\",\"name\":\"Centriplus Afrika\u2019da \u00d6nemli Atama: Mala Nair, Afrika Pazar\u0131'ndaki B\u00fcy\u00fcmeyi Y\u00f6nlendirmek \u0130\u00e7in Genel M\u00fcd\u00fcr Olarak Atand\u0131\",\"isPartOf\":{\"@id\":\"https:\\\/\\\/centriplus.com\\\/tr\\\/#website\"},\"primaryImageOfPage\":{\"@id\":\"https:\\\/\\\/centriplus.com\\\/tr\\\/centriplus-afrikada-onemli-atama-mala-nair-afrika-pazarindaki-buyumeyi-yonlendirmek-icin-genel-mudur-olarak-atandi\\\/#primaryimage\"},\"image\":{\"@id\":\"https:\\\/\\\/centriplus.com\\\/tr\\\/centriplus-afrikada-onemli-atama-mala-nair-afrika-pazarindaki-buyumeyi-yonlendirmek-icin-genel-mudur-olarak-atandi\\\/#primaryimage\"},\"thumbnailUrl\":\"https:\\\/\\\/centriplus.com\\\/wp-content\\\/uploads\\\/2025\\\/03\\\/Centriplus_Mala_Nair_web.jpg\",\"datePublished\":\"2025-03-18T21:19:11+00:00\",\"dateModified\":\"2025-04-17T07:01:53+00:00\",\"description\":\"Centriplus, Afrika pazar\u0131na hizmet vermek i\u00e7in yeni bir stratejik i\u015f orta\u011f\u0131 olan Centriplus Afrika'y\u0131 duyurmaktan gurur duyar.\",\"breadcrumb\":{\"@id\":\"https:\\\/\\\/centriplus.com\\\/tr\\\/centriplus-afrikada-onemli-atama-mala-nair-afrika-pazarindaki-buyumeyi-yonlendirmek-icin-genel-mudur-olarak-atandi\\\/#breadcrumb\"},\"inLanguage\":\"tr\",\"potentialAction\":[{\"@type\":\"ReadAction\",\"target\":[\"https:\\\/\\\/centriplus.com\\\/tr\\\/centriplus-afrikada-onemli-atama-mala-nair-afrika-pazarindaki-buyumeyi-yonlendirmek-icin-genel-mudur-olarak-atandi\\\/\"]}]},{\"@type\":\"ImageObject\",\"inLanguage\":\"tr\",\"@id\":\"https:\\\/\\\/centriplus.com\\\/tr\\\/centriplus-afrikada-onemli-atama-mala-nair-afrika-pazarindaki-buyumeyi-yonlendirmek-icin-genel-mudur-olarak-atandi\\\/#primaryimage\",\"url\":\"https:\\\/\\\/centriplus.com\\\/wp-content\\\/uploads\\\/2025\\\/03\\\/Centriplus_Mala_Nair_web.jpg\",\"contentUrl\":\"https:\\\/\\\/centriplus.com\\\/wp-content\\\/uploads\\\/2025\\\/03\\\/Centriplus_Mala_Nair_web.jpg\",\"width\":2011,\"height\":1162,\"caption\":\"Mala Nair centriplus africa\"},{\"@type\":\"BreadcrumbList\",\"@id\":\"https:\\\/\\\/centriplus.com\\\/tr\\\/centriplus-afrikada-onemli-atama-mala-nair-afrika-pazarindaki-buyumeyi-yonlendirmek-icin-genel-mudur-olarak-atandi\\\/#breadcrumb\",\"itemListElement\":[{\"@type\":\"ListItem\",\"position\":1,\"name\":\"Home\",\"item\":\"https:\\\/\\\/centriplus.com\\\/tr\\\/\"},{\"@type\":\"ListItem\",\"position\":2,\"name\":\"Centriplus Afrika\u2019da \u00d6nemli Atama: Mala Nair, Afrika Pazar\u0131&#8217;ndaki B\u00fcy\u00fcmeyi Y\u00f6nlendirmek \u0130\u00e7in Genel M\u00fcd\u00fcr Olarak Atand\u0131\"}]},{\"@type\":\"WebSite\",\"@id\":\"https:\\\/\\\/centriplus.com\\\/tr\\\/#website\",\"url\":\"https:\\\/\\\/centriplus.com\\\/tr\\\/\",\"name\":\"Centriplus | Keep Producing Plus Value\",\"description\":\"\",\"publisher\":{\"@id\":\"https:\\\/\\\/centriplus.com\\\/tr\\\/#organization\"},\"potentialAction\":[{\"@type\":\"SearchAction\",\"target\":{\"@type\":\"EntryPoint\",\"urlTemplate\":\"https:\\\/\\\/centriplus.com\\\/tr\\\/?s={search_term_string}\"},\"query-input\":{\"@type\":\"PropertyValueSpecification\",\"valueRequired\":true,\"valueName\":\"search_term_string\"}}],\"inLanguage\":\"tr\"},{\"@type\":\"Organization\",\"@id\":\"https:\\\/\\\/centriplus.com\\\/tr\\\/#organization\",\"name\":\"Centriplus | Keep Producing Plus Value\",\"url\":\"https:\\\/\\\/centriplus.com\\\/tr\\\/\",\"logo\":{\"@type\":\"ImageObject\",\"inLanguage\":\"tr\",\"@id\":\"https:\\\/\\\/centriplus.com\\\/tr\\\/#\\\/schema\\\/logo\\\/image\\\/\",\"url\":\"https:\\\/\\\/centriplus.com\\\/wp-content\\\/uploads\\\/2024\\\/08\\\/centriplus-company-logo.jpg\",\"contentUrl\":\"https:\\\/\\\/centriplus.com\\\/wp-content\\\/uploads\\\/2024\\\/08\\\/centriplus-company-logo.jpg\",\"width\":512,\"height\":512,\"caption\":\"Centriplus | Keep Producing Plus Value\"},\"image\":{\"@id\":\"https:\\\/\\\/centriplus.com\\\/tr\\\/#\\\/schema\\\/logo\\\/image\\\/\"},\"sameAs\":[\"https:\\\/\\\/www.facebook.com\\\/centriplusglobal\",\"https:\\\/\\\/www.instagram.com\\\/centriplusseptech\\\/\"]},{\"@type\":\"Person\",\"@id\":\"https:\\\/\\\/centriplus.com\\\/tr\\\/#\\\/schema\\\/person\\\/28acecaaa09a98c45bb2dab9c80da196\",\"name\":\"Centriplus\",\"image\":{\"@type\":\"ImageObject\",\"inLanguage\":\"tr\",\"@id\":\"https:\\\/\\\/centriplus.com\\\/wp-content\\\/uploads\\\/2024\\\/07\\\/cropped-favico-100x100.png\",\"url\":\"https:\\\/\\\/centriplus.com\\\/wp-content\\\/uploads\\\/2024\\\/07\\\/cropped-favico-100x100.png\",\"contentUrl\":\"https:\\\/\\\/centriplus.com\\\/wp-content\\\/uploads\\\/2024\\\/07\\\/cropped-favico-100x100.png\",\"caption\":\"Centriplus\"},\"sameAs\":[\"https:\\\/\\\/centriplus.test\"],\"url\":\"https:\\\/\\\/centriplus.com\\\/tr\\\/author\\\/ibrahimturan\\\/\"}]}<\/script>\n<!-- \/ Yoast SEO plugin. -->","yoast_head_json":{"title":"Centriplus Afrika\u2019da \u00d6nemli Atama: Mala Nair, Afrika Pazar\u0131'ndaki B\u00fcy\u00fcmeyi Y\u00f6nlendirmek \u0130\u00e7in Genel M\u00fcd\u00fcr Olarak Atand\u0131","description":"Centriplus, Afrika pazar\u0131na hizmet vermek i\u00e7in yeni bir stratejik i\u015f orta\u011f\u0131 olan Centriplus Afrika'y\u0131 duyurmaktan gurur duyar.","robots":{"index":"index","follow":"follow","max-snippet":"max-snippet:-1","max-image-preview":"max-image-preview:large","max-video-preview":"max-video-preview:-1"},"canonical":"https:\/\/centriplus.com\/tr\/centriplus-afrikada-onemli-atama-mala-nair-afrika-pazarindaki-buyumeyi-yonlendirmek-icin-genel-mudur-olarak-atandi\/","og_locale":"tr_TR","og_type":"article","og_title":"Centriplus Afrika\u2019da \u00d6nemli Atama: Mala Nair, Afrika Pazar\u0131'ndaki B\u00fcy\u00fcmeyi Y\u00f6nlendirmek \u0130\u00e7in Genel M\u00fcd\u00fcr Olarak Atand\u0131","og_description":"Centriplus, Afrika pazar\u0131na hizmet vermek i\u00e7in yeni bir stratejik i\u015f orta\u011f\u0131 olan Centriplus Afrika'y\u0131 duyurmaktan gurur duyar.","og_url":"https:\/\/centriplus.com\/tr\/centriplus-afrikada-onemli-atama-mala-nair-afrika-pazarindaki-buyumeyi-yonlendirmek-icin-genel-mudur-olarak-atandi\/","og_site_name":"Centriplus | Keep Producing Plus Value","article_publisher":"https:\/\/www.facebook.com\/centriplusglobal","article_published_time":"2025-03-18T21:19:11+00:00","article_modified_time":"2025-04-17T07:01:53+00:00","og_image":[{"width":2011,"height":1162,"url":"https:\/\/centriplus.com\/wp-content\/uploads\/2025\/03\/Centriplus_Mala_Nair_web.jpg","type":"image\/jpeg"}],"author":"Centriplus","twitter_card":"summary_large_image","twitter_misc":{"Yazan:":"Centriplus","Tahmini okuma s\u00fcresi":"2 dakika"},"schema":{"@context":"https:\/\/schema.org","@graph":[{"@type":"Article","@id":"https:\/\/centriplus.com\/tr\/centriplus-afrikada-onemli-atama-mala-nair-afrika-pazarindaki-buyumeyi-yonlendirmek-icin-genel-mudur-olarak-atandi\/#article","isPartOf":{"@id":"https:\/\/centriplus.com\/tr\/centriplus-afrikada-onemli-atama-mala-nair-afrika-pazarindaki-buyumeyi-yonlendirmek-icin-genel-mudur-olarak-atandi\/"},"author":{"name":"Centriplus","@id":"https:\/\/centriplus.com\/tr\/#\/schema\/person\/28acecaaa09a98c45bb2dab9c80da196"},"headline":"Centriplus Afrika\u2019da \u00d6nemli Atama: Mala Nair, Afrika Pazar\u0131&#8217;ndaki B\u00fcy\u00fcmeyi Y\u00f6nlendirmek \u0130\u00e7in Genel M\u00fcd\u00fcr Olarak Atand\u0131","datePublished":"2025-03-18T21:19:11+00:00","dateModified":"2025-04-17T07:01:53+00:00","mainEntityOfPage":{"@id":"https:\/\/centriplus.com\/tr\/centriplus-afrikada-onemli-atama-mala-nair-afrika-pazarindaki-buyumeyi-yonlendirmek-icin-genel-mudur-olarak-atandi\/"},"wordCount":803,"publisher":{"@id":"https:\/\/centriplus.com\/tr\/#organization"},"image":{"@id":"https:\/\/centriplus.com\/tr\/centriplus-afrikada-onemli-atama-mala-nair-afrika-pazarindaki-buyumeyi-yonlendirmek-icin-genel-mudur-olarak-atandi\/#primaryimage"},"thumbnailUrl":"https:\/\/centriplus.com\/wp-content\/uploads\/2025\/03\/Centriplus_Mala_Nair_web.jpg","articleSection":["Haberler"],"inLanguage":"tr"},{"@type":"WebPage","@id":"https:\/\/centriplus.com\/tr\/centriplus-afrikada-onemli-atama-mala-nair-afrika-pazarindaki-buyumeyi-yonlendirmek-icin-genel-mudur-olarak-atandi\/","url":"https:\/\/centriplus.com\/tr\/centriplus-afrikada-onemli-atama-mala-nair-afrika-pazarindaki-buyumeyi-yonlendirmek-icin-genel-mudur-olarak-atandi\/","name":"Centriplus Afrika\u2019da \u00d6nemli Atama: Mala Nair, Afrika Pazar\u0131'ndaki B\u00fcy\u00fcmeyi Y\u00f6nlendirmek \u0130\u00e7in Genel M\u00fcd\u00fcr Olarak Atand\u0131","isPartOf":{"@id":"https:\/\/centriplus.com\/tr\/#website"},"primaryImageOfPage":{"@id":"https:\/\/centriplus.com\/tr\/centriplus-afrikada-onemli-atama-mala-nair-afrika-pazarindaki-buyumeyi-yonlendirmek-icin-genel-mudur-olarak-atandi\/#primaryimage"},"image":{"@id":"https:\/\/centriplus.com\/tr\/centriplus-afrikada-onemli-atama-mala-nair-afrika-pazarindaki-buyumeyi-yonlendirmek-icin-genel-mudur-olarak-atandi\/#primaryimage"},"thumbnailUrl":"https:\/\/centriplus.com\/wp-content\/uploads\/2025\/03\/Centriplus_Mala_Nair_web.jpg","datePublished":"2025-03-18T21:19:11+00:00","dateModified":"2025-04-17T07:01:53+00:00","description":"Centriplus, Afrika pazar\u0131na hizmet vermek i\u00e7in yeni bir stratejik i\u015f orta\u011f\u0131 olan Centriplus Afrika'y\u0131 duyurmaktan gurur duyar.","breadcrumb":{"@id":"https:\/\/centriplus.com\/tr\/centriplus-afrikada-onemli-atama-mala-nair-afrika-pazarindaki-buyumeyi-yonlendirmek-icin-genel-mudur-olarak-atandi\/#breadcrumb"},"inLanguage":"tr","potentialAction":[{"@type":"ReadAction","target":["https:\/\/centriplus.com\/tr\/centriplus-afrikada-onemli-atama-mala-nair-afrika-pazarindaki-buyumeyi-yonlendirmek-icin-genel-mudur-olarak-atandi\/"]}]},{"@type":"ImageObject","inLanguage":"tr","@id":"https:\/\/centriplus.com\/tr\/centriplus-afrikada-onemli-atama-mala-nair-afrika-pazarindaki-buyumeyi-yonlendirmek-icin-genel-mudur-olarak-atandi\/#primaryimage","url":"https:\/\/centriplus.com\/wp-content\/uploads\/2025\/03\/Centriplus_Mala_Nair_web.jpg","contentUrl":"https:\/\/centriplus.com\/wp-content\/uploads\/2025\/03\/Centriplus_Mala_Nair_web.jpg","width":2011,"height":1162,"caption":"Mala Nair centriplus africa"},{"@type":"BreadcrumbList","@id":"https:\/\/centriplus.com\/tr\/centriplus-afrikada-onemli-atama-mala-nair-afrika-pazarindaki-buyumeyi-yonlendirmek-icin-genel-mudur-olarak-atandi\/#breadcrumb","itemListElement":[{"@type":"ListItem","position":1,"name":"Home","item":"https:\/\/centriplus.com\/tr\/"},{"@type":"ListItem","position":2,"name":"Centriplus Afrika\u2019da \u00d6nemli Atama: Mala Nair, Afrika Pazar\u0131&#8217;ndaki B\u00fcy\u00fcmeyi Y\u00f6nlendirmek \u0130\u00e7in Genel M\u00fcd\u00fcr Olarak Atand\u0131"}]},{"@type":"WebSite","@id":"https:\/\/centriplus.com\/tr\/#website","url":"https:\/\/centriplus.com\/tr\/","name":"Centriplus | Keep Producing Plus Value","description":"","publisher":{"@id":"https:\/\/centriplus.com\/tr\/#organization"},"potentialAction":[{"@type":"SearchAction","target":{"@type":"EntryPoint","urlTemplate":"https:\/\/centriplus.com\/tr\/?s={search_term_string}"},"query-input":{"@type":"PropertyValueSpecification","valueRequired":true,"valueName":"search_term_string"}}],"inLanguage":"tr"},{"@type":"Organization","@id":"https:\/\/centriplus.com\/tr\/#organization","name":"Centriplus | Keep Producing Plus Value","url":"https:\/\/centriplus.com\/tr\/","logo":{"@type":"ImageObject","inLanguage":"tr","@id":"https:\/\/centriplus.com\/tr\/#\/schema\/logo\/image\/","url":"https:\/\/centriplus.com\/wp-content\/uploads\/2024\/08\/centriplus-company-logo.jpg","contentUrl":"https:\/\/centriplus.com\/wp-content\/uploads\/2024\/08\/centriplus-company-logo.jpg","width":512,"height":512,"caption":"Centriplus | Keep Producing Plus Value"},"image":{"@id":"https:\/\/centriplus.com\/tr\/#\/schema\/logo\/image\/"},"sameAs":["https:\/\/www.facebook.com\/centriplusglobal","https:\/\/www.instagram.com\/centriplusseptech\/"]},{"@type":"Person","@id":"https:\/\/centriplus.com\/tr\/#\/schema\/person\/28acecaaa09a98c45bb2dab9c80da196","name":"Centriplus","image":{"@type":"ImageObject","inLanguage":"tr","@id":"https:\/\/centriplus.com\/wp-content\/uploads\/2024\/07\/cropped-favico-100x100.png","url":"https:\/\/centriplus.com\/wp-content\/uploads\/2024\/07\/cropped-favico-100x100.png","contentUrl":"https:\/\/centriplus.com\/wp-content\/uploads\/2024\/07\/cropped-favico-100x100.png","caption":"Centriplus"},"sameAs":["https:\/\/centriplus.test"],"url":"https:\/\/centriplus.com\/tr\/author\/ibrahimturan\/"}]}},"_links":{"self":[{"href":"https:\/\/centriplus.com\/tr\/wp-json\/wp\/v2\/posts\/8196","targetHints":{"allow":["GET"]}}],"collection":[{"href":"https:\/\/centriplus.com\/tr\/wp-json\/wp\/v2\/posts"}],"about":[{"href":"https:\/\/centriplus.com\/tr\/wp-json\/wp\/v2\/types\/post"}],"author":[{"embeddable":true,"href":"https:\/\/centriplus.com\/tr\/wp-json\/wp\/v2\/users\/1"}],"replies":[{"embeddable":true,"href":"https:\/\/centriplus.com\/tr\/wp-json\/wp\/v2\/comments?post=8196"}],"version-history":[{"count":3,"href":"https:\/\/centriplus.com\/tr\/wp-json\/wp\/v2\/posts\/8196\/revisions"}],"predecessor-version":[{"id":8426,"href":"https:\/\/centriplus.com\/tr\/wp-json\/wp\/v2\/posts\/8196\/revisions\/8426"}],"wp:featuredmedia":[{"embeddable":true,"href":"https:\/\/centriplus.com\/tr\/wp-json\/wp\/v2\/media\/8194"}],"wp:attachment":[{"href":"https:\/\/centriplus.com\/tr\/wp-json\/wp\/v2\/media?parent=8196"}],"wp:term":[{"taxonomy":"category","embeddable":true,"href":"https:\/\/centriplus.com\/tr\/wp-json\/wp\/v2\/categories?post=8196"},{"taxonomy":"post_tag","embeddable":true,"href":"https:\/\/centriplus.com\/tr\/wp-json\/wp\/v2\/tags?post=8196"}],"curies":[{"name":"wp","href":"https:\/\/api.w.org\/{rel}","templated":true}]}}