{"id":9731,"date":"2026-02-16T10:07:22","date_gmt":"2026-02-16T07:07:22","guid":{"rendered":"https:\/\/centriplus.com\/reflections-on-2025-and-vision-for-2026\/"},"modified":"2026-02-16T15:55:59","modified_gmt":"2026-02-16T12:55:59","slug":"bilan-2025-et-vision-pour-2026","status":"publish","type":"post","link":"https:\/\/centriplus.com\/fr\/bilan-2025-et-vision-pour-2026\/","title":{"rendered":"Bilan 2025 et Vision pour 2026"},"content":{"rendered":"[vc_row type=\u00a0\u00bbin_container\u00a0\u00bb full_screen_row_position=\u00a0\u00bbmiddle\u00a0\u00bb column_margin=\u00a0\u00bbdefault\u00a0\u00bb column_direction=\u00a0\u00bbdefault\u00a0\u00bb column_direction_tablet=\u00a0\u00bbdefault\u00a0\u00bb column_direction_phone=\u00a0\u00bbdefault\u00a0\u00bb scene_position=\u00a0\u00bbcenter\u00a0\u00bb text_color=\u00a0\u00bbdark\u00a0\u00bb text_align=\u00a0\u00bbleft\u00a0\u00bb row_border_radius=\u00a0\u00bbnone\u00a0\u00bb row_border_radius_applies=\u00a0\u00bbbg\u00a0\u00bb overflow=\u00a0\u00bbvisible\u00a0\u00bb overlay_strength=\u00a0\u00bb0.3&Prime; gradient_direction=\u00a0\u00bbleft_to_right\u00a0\u00bb shape_divider_position=\u00a0\u00bbbottom\u00a0\u00bb bg_image_animation=\u00a0\u00bbnone\u00a0\u00bb][vc_column column_padding=\u00a0\u00bbno-extra-padding\u00a0\u00bb column_padding_tablet=\u00a0\u00bbinherit\u00a0\u00bb column_padding_phone=\u00a0\u00bbinherit\u00a0\u00bb column_padding_position=\u00a0\u00bball\u00a0\u00bb column_element_direction_desktop=\u00a0\u00bbdefault\u00a0\u00bb column_element_spacing=\u00a0\u00bbdefault\u00a0\u00bb desktop_text_alignment=\u00a0\u00bbdefault\u00a0\u00bb tablet_text_alignment=\u00a0\u00bbdefault\u00a0\u00bb phone_text_alignment=\u00a0\u00bbdefault\u00a0\u00bb background_color_opacity=\u00a0\u00bb1&Prime; background_hover_color_opacity=\u00a0\u00bb1&Prime; column_backdrop_filter=\u00a0\u00bbnone\u00a0\u00bb column_shadow=\u00a0\u00bbnone\u00a0\u00bb column_border_radius=\u00a0\u00bbnone\u00a0\u00bb column_link_target=\u00a0\u00bb_self\u00a0\u00bb column_position=\u00a0\u00bbdefault\u00a0\u00bb gradient_direction=\u00a0\u00bbleft_to_right\u00a0\u00bb overlay_strength=\u00a0\u00bb0.3&Prime; width=\u00a0\u00bb1\/1&Prime; tablet_width_inherit=\u00a0\u00bbdefault\u00a0\u00bb animation_type=\u00a0\u00bbdefault\u00a0\u00bb bg_image_animation=\u00a0\u00bbnone\u00a0\u00bb border_type=\u00a0\u00bbsimple\u00a0\u00bb column_border_width=\u00a0\u00bbnone\u00a0\u00bb column_border_style=\u00a0\u00bbsolid\u00a0\u00bb][vc_column_text css=\u00a0\u00bb\u00a0\u00bb text_direction=\u00a0\u00bbdefault\u00a0\u00bb]<span style=\"font-weight: 400;\">Notre \u00c9v\u00e9nement de Bilan de Fin d\u2019Ann\u00e9e et de Nouvel An, organis\u00e9 le 9 janvier 2026 \u00e0 l\u2019h\u00f4tel Anemon, a \u00e9t\u00e9 une rencontre \u00e0 la fois productive et conviviale, au cours de laquelle nous nous sommes r\u00e9unis pour \u00e9valuer l\u2019ann\u00e9e 2025 et entamer 2026 sur des bases solides.<\/span><\/p>\n<p><span style=\"font-weight: 400;\">Tout au long de l\u2019\u00e9v\u00e9nement, les performances de l\u2019ann\u00e9e \u00e9coul\u00e9e ont \u00e9t\u00e9 analys\u00e9es, les r\u00e9ussites obtenues, les d\u00e9fis rencontr\u00e9s et les enseignements tir\u00e9s ayant \u00e9t\u00e9 partag\u00e9s. Par ailleurs, les r\u00e9sultats de nos initiatives strat\u00e9giques ainsi que nos objectifs pour la p\u00e9riode \u00e0 venir ont \u00e9t\u00e9 pr\u00e9sent\u00e9s \u00e0 nos collaborateurs dans une vision commune.<\/span>[\/vc_column_text][\/vc_column][\/vc_row][vc_row type=\u00a0\u00bbin_container\u00a0\u00bb full_screen_row_position=\u00a0\u00bbmiddle\u00a0\u00bb column_margin=\u00a0\u00bbdefault\u00a0\u00bb column_direction=\u00a0\u00bbdefault\u00a0\u00bb column_direction_tablet=\u00a0\u00bbdefault\u00a0\u00bb column_direction_phone=\u00a0\u00bbdefault\u00a0\u00bb scene_position=\u00a0\u00bbcenter\u00a0\u00bb text_color=\u00a0\u00bbdark\u00a0\u00bb text_align=\u00a0\u00bbleft\u00a0\u00bb row_border_radius=\u00a0\u00bbnone\u00a0\u00bb row_border_radius_applies=\u00a0\u00bbbg\u00a0\u00bb overflow=\u00a0\u00bbvisible\u00a0\u00bb overlay_strength=\u00a0\u00bb0.3&Prime; gradient_direction=\u00a0\u00bbleft_to_right\u00a0\u00bb shape_divider_position=\u00a0\u00bbbottom\u00a0\u00bb bg_image_animation=\u00a0\u00bbnone\u00a0\u00bb][vc_column column_padding=\u00a0\u00bbno-extra-padding\u00a0\u00bb column_padding_tablet=\u00a0\u00bbinherit\u00a0\u00bb column_padding_phone=\u00a0\u00bbinherit\u00a0\u00bb column_padding_position=\u00a0\u00bball\u00a0\u00bb column_element_direction_desktop=\u00a0\u00bbdefault\u00a0\u00bb column_element_spacing=\u00a0\u00bbdefault\u00a0\u00bb desktop_text_alignment=\u00a0\u00bbdefault\u00a0\u00bb tablet_text_alignment=\u00a0\u00bbdefault\u00a0\u00bb phone_text_alignment=\u00a0\u00bbdefault\u00a0\u00bb background_color_opacity=\u00a0\u00bb1&Prime; background_hover_color_opacity=\u00a0\u00bb1&Prime; column_backdrop_filter=\u00a0\u00bbnone\u00a0\u00bb column_shadow=\u00a0\u00bbnone\u00a0\u00bb column_border_radius=\u00a0\u00bbnone\u00a0\u00bb column_link_target=\u00a0\u00bb_self\u00a0\u00bb column_position=\u00a0\u00bbdefault\u00a0\u00bb gradient_direction=\u00a0\u00bbleft_to_right\u00a0\u00bb overlay_strength=\u00a0\u00bb0.3&Prime; width=\u00a0\u00bb1\/1&Prime; tablet_width_inherit=\u00a0\u00bbdefault\u00a0\u00bb animation_type=\u00a0\u00bbdefault\u00a0\u00bb bg_image_animation=\u00a0\u00bbnone\u00a0\u00bb border_type=\u00a0\u00bbsimple\u00a0\u00bb column_border_width=\u00a0\u00bbnone\u00a0\u00bb column_border_style=\u00a0\u00bbsolid\u00a0\u00bb][vc_gallery css=\u00a0\u00bb\u00a0\u00bb type=\u00a0\u00bbflickity_style\u00a0\u00bb images=\u00a0\u00bb9663,9651,9657,9723,9669,9675,9681,9687,9693,9699,9705,9711,9717&Prime; flickity_spacing=\u00a0\u00bbdefault\u00a0\u00bb flickity_controls=\u00a0\u00bbpagination\u00a0\u00bb flickity_overflow=\u00a0\u00bbhidden\u00a0\u00bb flickity_wrap_around=\u00a0\u00bbwrap\u00a0\u00bb flickity_desktop_columns=\u00a0\u00bb1&Prime; flickity_small_desktop_columns=\u00a0\u00bb1&Prime; flickity_tablet_columns=\u00a0\u00bb1&Prime; flickity_phone_columns=\u00a0\u00bb1&Prime; flickity_box_shadow=\u00a0\u00bbnone\u00a0\u00bb image_loading=\u00a0\u00bbdefault\u00a0\u00bb onclick=\u00a0\u00bblink_no\u00a0\u00bb][\/vc_column][\/vc_row][vc_row type=\u00a0\u00bbin_container\u00a0\u00bb full_screen_row_position=\u00a0\u00bbmiddle\u00a0\u00bb column_margin=\u00a0\u00bbdefault\u00a0\u00bb column_direction=\u00a0\u00bbdefault\u00a0\u00bb column_direction_tablet=\u00a0\u00bbdefault\u00a0\u00bb column_direction_phone=\u00a0\u00bbdefault\u00a0\u00bb scene_position=\u00a0\u00bbcenter\u00a0\u00bb text_color=\u00a0\u00bbdark\u00a0\u00bb text_align=\u00a0\u00bbleft\u00a0\u00bb row_border_radius=\u00a0\u00bbnone\u00a0\u00bb row_border_radius_applies=\u00a0\u00bbbg\u00a0\u00bb overflow=\u00a0\u00bbvisible\u00a0\u00bb overlay_strength=\u00a0\u00bb0.3&Prime; gradient_direction=\u00a0\u00bbleft_to_right\u00a0\u00bb shape_divider_position=\u00a0\u00bbbottom\u00a0\u00bb bg_image_animation=\u00a0\u00bbnone\u00a0\u00bb][vc_column column_padding=\u00a0\u00bbno-extra-padding\u00a0\u00bb column_padding_tablet=\u00a0\u00bbinherit\u00a0\u00bb column_padding_phone=\u00a0\u00bbinherit\u00a0\u00bb column_padding_position=\u00a0\u00bball\u00a0\u00bb column_element_direction_desktop=\u00a0\u00bbdefault\u00a0\u00bb column_element_spacing=\u00a0\u00bbdefault\u00a0\u00bb desktop_text_alignment=\u00a0\u00bbdefault\u00a0\u00bb tablet_text_alignment=\u00a0\u00bbdefault\u00a0\u00bb phone_text_alignment=\u00a0\u00bbdefault\u00a0\u00bb background_color_opacity=\u00a0\u00bb1&Prime; background_hover_color_opacity=\u00a0\u00bb1&Prime; column_backdrop_filter=\u00a0\u00bbnone\u00a0\u00bb column_shadow=\u00a0\u00bbnone\u00a0\u00bb column_border_radius=\u00a0\u00bbnone\u00a0\u00bb column_link_target=\u00a0\u00bb_self\u00a0\u00bb column_position=\u00a0\u00bbdefault\u00a0\u00bb gradient_direction=\u00a0\u00bbleft_to_right\u00a0\u00bb overlay_strength=\u00a0\u00bb0.3&Prime; width=\u00a0\u00bb1\/1&Prime; tablet_width_inherit=\u00a0\u00bbdefault\u00a0\u00bb animation_type=\u00a0\u00bbdefault\u00a0\u00bb bg_image_animation=\u00a0\u00bbnone\u00a0\u00bb border_type=\u00a0\u00bbsimple\u00a0\u00bb column_border_width=\u00a0\u00bbnone\u00a0\u00bb column_border_style=\u00a0\u00bbsolid\u00a0\u00bb][vc_column_text css=\u00a0\u00bb\u00a0\u00bb text_direction=\u00a0\u00bbdefault\u00a0\u00bb]<span style=\"font-weight: 400;\">En fin de journ\u00e9e, des moments privil\u00e9gi\u00e9s ont \u00e9t\u00e9 v\u00e9cus lors du d\u00eener d\u2019entreprise organis\u00e9 afin de saluer les efforts d\u00e9ploy\u00e9s par nos \u00e9quipes tout au long de l\u2019ann\u00e9e. \u00c0 l\u2019occasion de l\u2019annonce des <\/span><i><span style=\"font-weight: 400;\">Meilleurs de l\u2019Ann\u00e9e<\/span><\/i><span style=\"font-weight: 400;\">, cinq collaborateurs chanceux, d\u00e9sign\u00e9s \u00e0 l\u2019issue d\u2019un tirage au sort, ont re\u00e7u des cadeaux surprises. Les c\u00e9l\u00e9brations se sont poursuivies avec la traditionnelle d\u00e9coupe du g\u00e2teau, permettant de partager ensemble l\u2019esprit et la joie du Nouvel An.<\/span><\/p>\n<p><span style=\"font-weight: 400;\">Notre \u00c9v\u00e9nement de Bilan de Fin d\u2019Ann\u00e9e et de Nouvel An s\u2019est conclu avec succ\u00e8s comme une organisation porteuse de sens, renfor\u00e7ant l\u2019esprit d\u2019\u00e9quipe, nous permettant de c\u00e9l\u00e9brer collectivement nos succ\u00e8s et consolidant notre motivation pour l\u2019avenir.<\/span><\/p>\n<p><span style=\"font-weight: 400;\">Nous adressons nos sinc\u00e8res remerciements \u00e0 toutes les personnes ayant contribu\u00e9 \u00e0 l\u2019organisation de cet \u00e9v\u00e9nement, ainsi qu\u2019\u00e0 l\u2019ensemble de nos collaborateurs qui ont particip\u00e9 et partag\u00e9 avec nous cette journ\u00e9e sp\u00e9ciale. Nous souhaitons continuer \u00e0 r\u00e9aliser ensemble de nombreux succ\u00e8s au cours de la nouvelle ann\u00e9e.<\/span>[\/vc_column_text][\/vc_column][\/vc_row]\n","protected":false},"excerpt":{"rendered":"<p>[vc_row type=\u00a0\u00bbin_container\u00a0\u00bb full_screen_row_position=\u00a0\u00bbmiddle\u00a0\u00bb column_margin=\u00a0\u00bbdefault\u00a0\u00bb column_direction=\u00a0\u00bbdefault\u00a0\u00bb column_direction_tablet=\u00a0\u00bbdefault\u00a0\u00bb column_direction_phone=\u00a0\u00bbdefault\u00a0\u00bb scene_position=\u00a0\u00bbcenter\u00a0\u00bb text_color=\u00a0\u00bbdark\u00a0\u00bb text_align=\u00a0\u00bbleft\u00a0\u00bb row_border_radius=\u00a0\u00bbnone\u00a0\u00bb row_border_radius_applies=\u00a0\u00bbbg\u00a0\u00bb overflow=\u00a0\u00bbvisible\u00a0\u00bb overlay_strength=\u00a0\u00bb0.3&Prime; gradient_direction=\u00a0\u00bbleft_to_right\u00a0\u00bb&#8230;<\/p>\n","protected":false},"author":1,"featured_media":9664,"comment_status":"closed","ping_status":"open","sticky":false,"template":"","format":"standard","meta":{"footnotes":""},"categories":[65],"tags":[],"class_list":{"0":"post-9731","1":"post","2":"type-post","3":"status-publish","4":"format-standard","5":"has-post-thumbnail","7":"category-news-fr"},"yoast_head":"<!-- This site is optimized with the Yoast SEO plugin v27.5 - https:\/\/yoast.com\/product\/yoast-seo-wordpress\/ -->\n<title>Bilan 2025 et Vision pour 2026 - Centriplus | Keep Producing Plus Value<\/title>\n<meta name=\"description\" content=\"R\u00e9union de fin d&#039;ann\u00e9e et \u00e9v\u00e9nement du Nouvel An organis\u00e9s le 9 janvier 2026 \u00e0 l&#039;h\u00f4tel Anemon, pour c\u00e9l\u00e9brer les r\u00e9alisations de 2025 et pr\u00e9senter notre vision pour 2026.\" \/>\n<meta name=\"robots\" content=\"index, follow, max-snippet:-1, max-image-preview:large, max-video-preview:-1\" \/>\n<link rel=\"canonical\" href=\"https:\/\/centriplus.com\/fr\/bilan-2025-et-vision-pour-2026\/\" \/>\n<meta property=\"og:locale\" content=\"fr_FR\" \/>\n<meta property=\"og:type\" content=\"article\" \/>\n<meta property=\"og:title\" content=\"Bilan 2025 et Vision pour 2026 - Centriplus | Keep Producing Plus Value\" \/>\n<meta property=\"og:description\" content=\"R\u00e9union de fin d&#039;ann\u00e9e et \u00e9v\u00e9nement du Nouvel An organis\u00e9s le 9 janvier 2026 \u00e0 l&#039;h\u00f4tel Anemon, pour c\u00e9l\u00e9brer les r\u00e9alisations de 2025 et pr\u00e9senter notre vision pour 2026.\" \/>\n<meta property=\"og:url\" content=\"https:\/\/centriplus.com\/fr\/bilan-2025-et-vision-pour-2026\/\" \/>\n<meta property=\"og:site_name\" content=\"Centriplus | Keep Producing Plus Value\" \/>\n<meta property=\"article:publisher\" content=\"https:\/\/www.facebook.com\/centriplusglobal\" \/>\n<meta property=\"article:published_time\" content=\"2026-02-16T07:07:22+00:00\" \/>\n<meta property=\"article:modified_time\" content=\"2026-02-16T12:55:59+00:00\" \/>\n<meta property=\"og:image\" content=\"https:\/\/centriplus.com\/wp-content\/uploads\/2026\/02\/reflections-on-2025-and-vision-for-2026-4.jpg\" \/>\n\t<meta property=\"og:image:width\" content=\"1520\" \/>\n\t<meta property=\"og:image:height\" content=\"1011\" \/>\n\t<meta property=\"og:image:type\" content=\"image\/jpeg\" \/>\n<meta name=\"author\" content=\"Centriplus\" \/>\n<meta name=\"twitter:card\" content=\"summary_large_image\" \/>\n<meta name=\"twitter:label1\" content=\"\u00c9crit par\" \/>\n\t<meta name=\"twitter:data1\" content=\"Centriplus\" \/>\n\t<meta name=\"twitter:label2\" content=\"Dur\u00e9e de lecture estim\u00e9e\" \/>\n\t<meta name=\"twitter:data2\" content=\"3 minutes\" \/>\n<script type=\"application\/ld+json\" class=\"yoast-schema-graph\">{\"@context\":\"https:\\\/\\\/schema.org\",\"@graph\":[{\"@type\":\"Article\",\"@id\":\"https:\\\/\\\/centriplus.com\\\/fr\\\/bilan-2025-et-vision-pour-2026\\\/#article\",\"isPartOf\":{\"@id\":\"https:\\\/\\\/centriplus.com\\\/fr\\\/bilan-2025-et-vision-pour-2026\\\/\"},\"author\":{\"name\":\"Centriplus\",\"@id\":\"https:\\\/\\\/centriplus.com\\\/fr\\\/#\\\/schema\\\/person\\\/28acecaaa09a98c45bb2dab9c80da196\"},\"headline\":\"Bilan 2025 et Vision pour 2026\",\"datePublished\":\"2026-02-16T07:07:22+00:00\",\"dateModified\":\"2026-02-16T12:55:59+00:00\",\"mainEntityOfPage\":{\"@id\":\"https:\\\/\\\/centriplus.com\\\/fr\\\/bilan-2025-et-vision-pour-2026\\\/\"},\"wordCount\":850,\"publisher\":{\"@id\":\"https:\\\/\\\/centriplus.com\\\/fr\\\/#organization\"},\"image\":{\"@id\":\"https:\\\/\\\/centriplus.com\\\/fr\\\/bilan-2025-et-vision-pour-2026\\\/#primaryimage\"},\"thumbnailUrl\":\"https:\\\/\\\/centriplus.com\\\/wp-content\\\/uploads\\\/2026\\\/02\\\/reflections-on-2025-and-vision-for-2026-4.jpg\",\"articleSection\":[\"News\"],\"inLanguage\":\"fr-FR\"},{\"@type\":\"WebPage\",\"@id\":\"https:\\\/\\\/centriplus.com\\\/fr\\\/bilan-2025-et-vision-pour-2026\\\/\",\"url\":\"https:\\\/\\\/centriplus.com\\\/fr\\\/bilan-2025-et-vision-pour-2026\\\/\",\"name\":\"Bilan 2025 et Vision pour 2026 - Centriplus | Keep Producing Plus Value\",\"isPartOf\":{\"@id\":\"https:\\\/\\\/centriplus.com\\\/fr\\\/#website\"},\"primaryImageOfPage\":{\"@id\":\"https:\\\/\\\/centriplus.com\\\/fr\\\/bilan-2025-et-vision-pour-2026\\\/#primaryimage\"},\"image\":{\"@id\":\"https:\\\/\\\/centriplus.com\\\/fr\\\/bilan-2025-et-vision-pour-2026\\\/#primaryimage\"},\"thumbnailUrl\":\"https:\\\/\\\/centriplus.com\\\/wp-content\\\/uploads\\\/2026\\\/02\\\/reflections-on-2025-and-vision-for-2026-4.jpg\",\"datePublished\":\"2026-02-16T07:07:22+00:00\",\"dateModified\":\"2026-02-16T12:55:59+00:00\",\"description\":\"R\u00e9union de fin d'ann\u00e9e et \u00e9v\u00e9nement du Nouvel An organis\u00e9s le 9 janvier 2026 \u00e0 l'h\u00f4tel Anemon, pour c\u00e9l\u00e9brer les r\u00e9alisations de 2025 et pr\u00e9senter notre vision pour 2026.\",\"breadcrumb\":{\"@id\":\"https:\\\/\\\/centriplus.com\\\/fr\\\/bilan-2025-et-vision-pour-2026\\\/#breadcrumb\"},\"inLanguage\":\"fr-FR\",\"potentialAction\":[{\"@type\":\"ReadAction\",\"target\":[\"https:\\\/\\\/centriplus.com\\\/fr\\\/bilan-2025-et-vision-pour-2026\\\/\"]}]},{\"@type\":\"ImageObject\",\"inLanguage\":\"fr-FR\",\"@id\":\"https:\\\/\\\/centriplus.com\\\/fr\\\/bilan-2025-et-vision-pour-2026\\\/#primaryimage\",\"url\":\"https:\\\/\\\/centriplus.com\\\/wp-content\\\/uploads\\\/2026\\\/02\\\/reflections-on-2025-and-vision-for-2026-4.jpg\",\"contentUrl\":\"https:\\\/\\\/centriplus.com\\\/wp-content\\\/uploads\\\/2026\\\/02\\\/reflections-on-2025-and-vision-for-2026-4.jpg\",\"width\":1520,\"height\":1011,\"caption\":\"reflections on 2025 and vision for 2026\"},{\"@type\":\"BreadcrumbList\",\"@id\":\"https:\\\/\\\/centriplus.com\\\/fr\\\/bilan-2025-et-vision-pour-2026\\\/#breadcrumb\",\"itemListElement\":[{\"@type\":\"ListItem\",\"position\":1,\"name\":\"Home\",\"item\":\"https:\\\/\\\/centriplus.com\\\/fr\\\/\"},{\"@type\":\"ListItem\",\"position\":2,\"name\":\"Bilan 2025 et Vision pour 2026\"}]},{\"@type\":\"WebSite\",\"@id\":\"https:\\\/\\\/centriplus.com\\\/fr\\\/#website\",\"url\":\"https:\\\/\\\/centriplus.com\\\/fr\\\/\",\"name\":\"Centriplus | Keep Producing Plus Value\",\"description\":\"\",\"publisher\":{\"@id\":\"https:\\\/\\\/centriplus.com\\\/fr\\\/#organization\"},\"potentialAction\":[{\"@type\":\"SearchAction\",\"target\":{\"@type\":\"EntryPoint\",\"urlTemplate\":\"https:\\\/\\\/centriplus.com\\\/fr\\\/?s={search_term_string}\"},\"query-input\":{\"@type\":\"PropertyValueSpecification\",\"valueRequired\":true,\"valueName\":\"search_term_string\"}}],\"inLanguage\":\"fr-FR\"},{\"@type\":\"Organization\",\"@id\":\"https:\\\/\\\/centriplus.com\\\/fr\\\/#organization\",\"name\":\"Centriplus | Keep Producing Plus Value\",\"url\":\"https:\\\/\\\/centriplus.com\\\/fr\\\/\",\"logo\":{\"@type\":\"ImageObject\",\"inLanguage\":\"fr-FR\",\"@id\":\"https:\\\/\\\/centriplus.com\\\/fr\\\/#\\\/schema\\\/logo\\\/image\\\/\",\"url\":\"https:\\\/\\\/centriplus.com\\\/wp-content\\\/uploads\\\/2024\\\/08\\\/centriplus-company-logo.jpg\",\"contentUrl\":\"https:\\\/\\\/centriplus.com\\\/wp-content\\\/uploads\\\/2024\\\/08\\\/centriplus-company-logo.jpg\",\"width\":512,\"height\":512,\"caption\":\"Centriplus | Keep Producing Plus Value\"},\"image\":{\"@id\":\"https:\\\/\\\/centriplus.com\\\/fr\\\/#\\\/schema\\\/logo\\\/image\\\/\"},\"sameAs\":[\"https:\\\/\\\/www.facebook.com\\\/centriplusglobal\",\"https:\\\/\\\/www.instagram.com\\\/centriplusseptech\\\/\"]},{\"@type\":\"Person\",\"@id\":\"https:\\\/\\\/centriplus.com\\\/fr\\\/#\\\/schema\\\/person\\\/28acecaaa09a98c45bb2dab9c80da196\",\"name\":\"Centriplus\",\"image\":{\"@type\":\"ImageObject\",\"inLanguage\":\"fr-FR\",\"@id\":\"https:\\\/\\\/centriplus.com\\\/wp-content\\\/uploads\\\/2024\\\/07\\\/cropped-favico-100x100.png\",\"url\":\"https:\\\/\\\/centriplus.com\\\/wp-content\\\/uploads\\\/2024\\\/07\\\/cropped-favico-100x100.png\",\"contentUrl\":\"https:\\\/\\\/centriplus.com\\\/wp-content\\\/uploads\\\/2024\\\/07\\\/cropped-favico-100x100.png\",\"caption\":\"Centriplus\"},\"sameAs\":[\"https:\\\/\\\/centriplus.test\"],\"url\":\"https:\\\/\\\/centriplus.com\\\/fr\\\/author\\\/ibrahimturan\\\/\"}]}<\/script>\n<!-- \/ Yoast SEO plugin. -->","yoast_head_json":{"title":"Bilan 2025 et Vision pour 2026 - Centriplus | Keep Producing Plus Value","description":"R\u00e9union de fin d'ann\u00e9e et \u00e9v\u00e9nement du Nouvel An organis\u00e9s le 9 janvier 2026 \u00e0 l'h\u00f4tel Anemon, pour c\u00e9l\u00e9brer les r\u00e9alisations de 2025 et pr\u00e9senter notre vision pour 2026.","robots":{"index":"index","follow":"follow","max-snippet":"max-snippet:-1","max-image-preview":"max-image-preview:large","max-video-preview":"max-video-preview:-1"},"canonical":"https:\/\/centriplus.com\/fr\/bilan-2025-et-vision-pour-2026\/","og_locale":"fr_FR","og_type":"article","og_title":"Bilan 2025 et Vision pour 2026 - Centriplus | Keep Producing Plus Value","og_description":"R\u00e9union de fin d'ann\u00e9e et \u00e9v\u00e9nement du Nouvel An organis\u00e9s le 9 janvier 2026 \u00e0 l'h\u00f4tel Anemon, pour c\u00e9l\u00e9brer les r\u00e9alisations de 2025 et pr\u00e9senter notre vision pour 2026.","og_url":"https:\/\/centriplus.com\/fr\/bilan-2025-et-vision-pour-2026\/","og_site_name":"Centriplus | Keep Producing Plus Value","article_publisher":"https:\/\/www.facebook.com\/centriplusglobal","article_published_time":"2026-02-16T07:07:22+00:00","article_modified_time":"2026-02-16T12:55:59+00:00","og_image":[{"width":1520,"height":1011,"url":"https:\/\/centriplus.com\/wp-content\/uploads\/2026\/02\/reflections-on-2025-and-vision-for-2026-4.jpg","type":"image\/jpeg"}],"author":"Centriplus","twitter_card":"summary_large_image","twitter_misc":{"\u00c9crit par":"Centriplus","Dur\u00e9e de lecture estim\u00e9e":"3 minutes"},"schema":{"@context":"https:\/\/schema.org","@graph":[{"@type":"Article","@id":"https:\/\/centriplus.com\/fr\/bilan-2025-et-vision-pour-2026\/#article","isPartOf":{"@id":"https:\/\/centriplus.com\/fr\/bilan-2025-et-vision-pour-2026\/"},"author":{"name":"Centriplus","@id":"https:\/\/centriplus.com\/fr\/#\/schema\/person\/28acecaaa09a98c45bb2dab9c80da196"},"headline":"Bilan 2025 et Vision pour 2026","datePublished":"2026-02-16T07:07:22+00:00","dateModified":"2026-02-16T12:55:59+00:00","mainEntityOfPage":{"@id":"https:\/\/centriplus.com\/fr\/bilan-2025-et-vision-pour-2026\/"},"wordCount":850,"publisher":{"@id":"https:\/\/centriplus.com\/fr\/#organization"},"image":{"@id":"https:\/\/centriplus.com\/fr\/bilan-2025-et-vision-pour-2026\/#primaryimage"},"thumbnailUrl":"https:\/\/centriplus.com\/wp-content\/uploads\/2026\/02\/reflections-on-2025-and-vision-for-2026-4.jpg","articleSection":["News"],"inLanguage":"fr-FR"},{"@type":"WebPage","@id":"https:\/\/centriplus.com\/fr\/bilan-2025-et-vision-pour-2026\/","url":"https:\/\/centriplus.com\/fr\/bilan-2025-et-vision-pour-2026\/","name":"Bilan 2025 et Vision pour 2026 - Centriplus | Keep Producing Plus Value","isPartOf":{"@id":"https:\/\/centriplus.com\/fr\/#website"},"primaryImageOfPage":{"@id":"https:\/\/centriplus.com\/fr\/bilan-2025-et-vision-pour-2026\/#primaryimage"},"image":{"@id":"https:\/\/centriplus.com\/fr\/bilan-2025-et-vision-pour-2026\/#primaryimage"},"thumbnailUrl":"https:\/\/centriplus.com\/wp-content\/uploads\/2026\/02\/reflections-on-2025-and-vision-for-2026-4.jpg","datePublished":"2026-02-16T07:07:22+00:00","dateModified":"2026-02-16T12:55:59+00:00","description":"R\u00e9union de fin d'ann\u00e9e et \u00e9v\u00e9nement du Nouvel An organis\u00e9s le 9 janvier 2026 \u00e0 l'h\u00f4tel Anemon, pour c\u00e9l\u00e9brer les r\u00e9alisations de 2025 et pr\u00e9senter notre vision pour 2026.","breadcrumb":{"@id":"https:\/\/centriplus.com\/fr\/bilan-2025-et-vision-pour-2026\/#breadcrumb"},"inLanguage":"fr-FR","potentialAction":[{"@type":"ReadAction","target":["https:\/\/centriplus.com\/fr\/bilan-2025-et-vision-pour-2026\/"]}]},{"@type":"ImageObject","inLanguage":"fr-FR","@id":"https:\/\/centriplus.com\/fr\/bilan-2025-et-vision-pour-2026\/#primaryimage","url":"https:\/\/centriplus.com\/wp-content\/uploads\/2026\/02\/reflections-on-2025-and-vision-for-2026-4.jpg","contentUrl":"https:\/\/centriplus.com\/wp-content\/uploads\/2026\/02\/reflections-on-2025-and-vision-for-2026-4.jpg","width":1520,"height":1011,"caption":"reflections on 2025 and vision for 2026"},{"@type":"BreadcrumbList","@id":"https:\/\/centriplus.com\/fr\/bilan-2025-et-vision-pour-2026\/#breadcrumb","itemListElement":[{"@type":"ListItem","position":1,"name":"Home","item":"https:\/\/centriplus.com\/fr\/"},{"@type":"ListItem","position":2,"name":"Bilan 2025 et Vision pour 2026"}]},{"@type":"WebSite","@id":"https:\/\/centriplus.com\/fr\/#website","url":"https:\/\/centriplus.com\/fr\/","name":"Centriplus | Keep Producing Plus Value","description":"","publisher":{"@id":"https:\/\/centriplus.com\/fr\/#organization"},"potentialAction":[{"@type":"SearchAction","target":{"@type":"EntryPoint","urlTemplate":"https:\/\/centriplus.com\/fr\/?s={search_term_string}"},"query-input":{"@type":"PropertyValueSpecification","valueRequired":true,"valueName":"search_term_string"}}],"inLanguage":"fr-FR"},{"@type":"Organization","@id":"https:\/\/centriplus.com\/fr\/#organization","name":"Centriplus | Keep Producing Plus Value","url":"https:\/\/centriplus.com\/fr\/","logo":{"@type":"ImageObject","inLanguage":"fr-FR","@id":"https:\/\/centriplus.com\/fr\/#\/schema\/logo\/image\/","url":"https:\/\/centriplus.com\/wp-content\/uploads\/2024\/08\/centriplus-company-logo.jpg","contentUrl":"https:\/\/centriplus.com\/wp-content\/uploads\/2024\/08\/centriplus-company-logo.jpg","width":512,"height":512,"caption":"Centriplus | Keep Producing Plus Value"},"image":{"@id":"https:\/\/centriplus.com\/fr\/#\/schema\/logo\/image\/"},"sameAs":["https:\/\/www.facebook.com\/centriplusglobal","https:\/\/www.instagram.com\/centriplusseptech\/"]},{"@type":"Person","@id":"https:\/\/centriplus.com\/fr\/#\/schema\/person\/28acecaaa09a98c45bb2dab9c80da196","name":"Centriplus","image":{"@type":"ImageObject","inLanguage":"fr-FR","@id":"https:\/\/centriplus.com\/wp-content\/uploads\/2024\/07\/cropped-favico-100x100.png","url":"https:\/\/centriplus.com\/wp-content\/uploads\/2024\/07\/cropped-favico-100x100.png","contentUrl":"https:\/\/centriplus.com\/wp-content\/uploads\/2024\/07\/cropped-favico-100x100.png","caption":"Centriplus"},"sameAs":["https:\/\/centriplus.test"],"url":"https:\/\/centriplus.com\/fr\/author\/ibrahimturan\/"}]}},"_links":{"self":[{"href":"https:\/\/centriplus.com\/fr\/wp-json\/wp\/v2\/posts\/9731","targetHints":{"allow":["GET"]}}],"collection":[{"href":"https:\/\/centriplus.com\/fr\/wp-json\/wp\/v2\/posts"}],"about":[{"href":"https:\/\/centriplus.com\/fr\/wp-json\/wp\/v2\/types\/post"}],"author":[{"embeddable":true,"href":"https:\/\/centriplus.com\/fr\/wp-json\/wp\/v2\/users\/1"}],"replies":[{"embeddable":true,"href":"https:\/\/centriplus.com\/fr\/wp-json\/wp\/v2\/comments?post=9731"}],"version-history":[{"count":2,"href":"https:\/\/centriplus.com\/fr\/wp-json\/wp\/v2\/posts\/9731\/revisions"}],"predecessor-version":[{"id":9746,"href":"https:\/\/centriplus.com\/fr\/wp-json\/wp\/v2\/posts\/9731\/revisions\/9746"}],"wp:featuredmedia":[{"embeddable":true,"href":"https:\/\/centriplus.com\/fr\/wp-json\/wp\/v2\/media\/9664"}],"wp:attachment":[{"href":"https:\/\/centriplus.com\/fr\/wp-json\/wp\/v2\/media?parent=9731"}],"wp:term":[{"taxonomy":"category","embeddable":true,"href":"https:\/\/centriplus.com\/fr\/wp-json\/wp\/v2\/categories?post=9731"},{"taxonomy":"post_tag","embeddable":true,"href":"https:\/\/centriplus.com\/fr\/wp-json\/wp\/v2\/tags?post=9731"}],"curies":[{"name":"wp","href":"https:\/\/api.w.org\/{rel}","templated":true}]}}