{"id":9732,"date":"2026-02-16T10:07:22","date_gmt":"2026-02-16T07:07:22","guid":{"rendered":"https:\/\/centriplus.com\/reflections-on-2025-and-vision-for-2026\/"},"modified":"2026-02-16T15:48:19","modified_gmt":"2026-02-16T12:48:19","slug":"jahresrueckblick-2025-und-vision-fuer-2026","status":"publish","type":"post","link":"https:\/\/centriplus.com\/de\/jahresrueckblick-2025-und-vision-fuer-2026\/","title":{"rendered":"Jahresr\u00fcckblick 2025 und Vision f\u00fcr 2026"},"content":{"rendered":"[vc_row type=&#8220;in_container&#8220; full_screen_row_position=&#8220;middle&#8220; column_margin=&#8220;default&#8220; column_direction=&#8220;default&#8220; column_direction_tablet=&#8220;default&#8220; column_direction_phone=&#8220;default&#8220; scene_position=&#8220;center&#8220; text_color=&#8220;dark&#8220; text_align=&#8220;left&#8220; row_border_radius=&#8220;none&#8220; row_border_radius_applies=&#8220;bg&#8220; overflow=&#8220;visible&#8220; overlay_strength=&#8220;0.3&#8243; gradient_direction=&#8220;left_to_right&#8220; shape_divider_position=&#8220;bottom&#8220; bg_image_animation=&#8220;none&#8220;][vc_column column_padding=&#8220;no-extra-padding&#8220; column_padding_tablet=&#8220;inherit&#8220; column_padding_phone=&#8220;inherit&#8220; column_padding_position=&#8220;all&#8220; column_element_direction_desktop=&#8220;default&#8220; column_element_spacing=&#8220;default&#8220; desktop_text_alignment=&#8220;default&#8220; tablet_text_alignment=&#8220;default&#8220; phone_text_alignment=&#8220;default&#8220; background_color_opacity=&#8220;1&#8243; background_hover_color_opacity=&#8220;1&#8243; column_backdrop_filter=&#8220;none&#8220; column_shadow=&#8220;none&#8220; column_border_radius=&#8220;none&#8220; column_link_target=&#8220;_self&#8220; column_position=&#8220;default&#8220; gradient_direction=&#8220;left_to_right&#8220; overlay_strength=&#8220;0.3&#8243; width=&#8220;1\/1&#8243; tablet_width_inherit=&#8220;default&#8220; animation_type=&#8220;default&#8220; bg_image_animation=&#8220;none&#8220; border_type=&#8220;simple&#8220; column_border_width=&#8220;none&#8220; column_border_style=&#8220;solid&#8220;][vc_column_text css=&#8220;&#8220; text_direction=&#8220;default&#8220;]<span style=\"font-weight: 400;\">Unsere Jahresabschlussbewertung und Neujahrsveranstaltung, die am 9. Januar 2026 im Anemon Hotel stattfand, war ein produktives und angenehmes Treffen, bei dem wir zusammenkamen, um das Jahr 2025 zu bewerten und einen starken Start ins Jahr 2026 zu machen.<\/span><\/p>\n<p><span style=\"font-weight: 400;\">W\u00e4hrend der Veranstaltung wurde die Leistung des vergangenen Jahres analysiert; erzielte Erfolge, bew\u00e4ltigte Herausforderungen sowie die daraus gewonnenen Erkenntnisse wurden gemeinsam geteilt. Gleichzeitig wurden die Ergebnisse unserer strategischen Ma\u00dfnahmen und die Ziele f\u00fcr die kommende Periode unseren Mitarbeitenden aus einer gemeinsamen Perspektive vorgestellt.<\/span>[\/vc_column_text][\/vc_column][\/vc_row][vc_row type=&#8220;in_container&#8220; full_screen_row_position=&#8220;middle&#8220; column_margin=&#8220;default&#8220; column_direction=&#8220;default&#8220; column_direction_tablet=&#8220;default&#8220; column_direction_phone=&#8220;default&#8220; scene_position=&#8220;center&#8220; text_color=&#8220;dark&#8220; text_align=&#8220;left&#8220; row_border_radius=&#8220;none&#8220; row_border_radius_applies=&#8220;bg&#8220; overflow=&#8220;visible&#8220; overlay_strength=&#8220;0.3&#8243; gradient_direction=&#8220;left_to_right&#8220; shape_divider_position=&#8220;bottom&#8220; bg_image_animation=&#8220;none&#8220;][vc_column column_padding=&#8220;no-extra-padding&#8220; column_padding_tablet=&#8220;inherit&#8220; column_padding_phone=&#8220;inherit&#8220; column_padding_position=&#8220;all&#8220; column_element_direction_desktop=&#8220;default&#8220; column_element_spacing=&#8220;default&#8220; desktop_text_alignment=&#8220;default&#8220; tablet_text_alignment=&#8220;default&#8220; phone_text_alignment=&#8220;default&#8220; background_color_opacity=&#8220;1&#8243; background_hover_color_opacity=&#8220;1&#8243; column_backdrop_filter=&#8220;none&#8220; column_shadow=&#8220;none&#8220; column_border_radius=&#8220;none&#8220; column_link_target=&#8220;_self&#8220; column_position=&#8220;default&#8220; gradient_direction=&#8220;left_to_right&#8220; overlay_strength=&#8220;0.3&#8243; width=&#8220;1\/1&#8243; tablet_width_inherit=&#8220;default&#8220; animation_type=&#8220;default&#8220; bg_image_animation=&#8220;none&#8220; border_type=&#8220;simple&#8220; column_border_width=&#8220;none&#8220; column_border_style=&#8220;solid&#8220;][vc_gallery css=&#8220;&#8220; type=&#8220;flickity_style&#8220; images=&#8220;9663,9651,9657,9723,9669,9675,9681,9687,9693,9699,9705,9711,9717&#8243; flickity_spacing=&#8220;default&#8220; flickity_controls=&#8220;pagination&#8220; flickity_overflow=&#8220;hidden&#8220; flickity_wrap_around=&#8220;wrap&#8220; flickity_desktop_columns=&#8220;1&#8243; flickity_small_desktop_columns=&#8220;1&#8243; flickity_tablet_columns=&#8220;1&#8243; flickity_phone_columns=&#8220;1&#8243; flickity_box_shadow=&#8220;none&#8220; image_loading=&#8220;default&#8220; onclick=&#8220;link_no&#8220;][\/vc_column][\/vc_row][vc_row type=&#8220;in_container&#8220; full_screen_row_position=&#8220;middle&#8220; column_margin=&#8220;default&#8220; column_direction=&#8220;default&#8220; column_direction_tablet=&#8220;default&#8220; column_direction_phone=&#8220;default&#8220; scene_position=&#8220;center&#8220; text_color=&#8220;dark&#8220; text_align=&#8220;left&#8220; row_border_radius=&#8220;none&#8220; row_border_radius_applies=&#8220;bg&#8220; overflow=&#8220;visible&#8220; overlay_strength=&#8220;0.3&#8243; gradient_direction=&#8220;left_to_right&#8220; shape_divider_position=&#8220;bottom&#8220; bg_image_animation=&#8220;none&#8220;][vc_column column_padding=&#8220;no-extra-padding&#8220; column_padding_tablet=&#8220;inherit&#8220; column_padding_phone=&#8220;inherit&#8220; column_padding_position=&#8220;all&#8220; column_element_direction_desktop=&#8220;default&#8220; column_element_spacing=&#8220;default&#8220; desktop_text_alignment=&#8220;default&#8220; tablet_text_alignment=&#8220;default&#8220; phone_text_alignment=&#8220;default&#8220; background_color_opacity=&#8220;1&#8243; background_hover_color_opacity=&#8220;1&#8243; column_backdrop_filter=&#8220;none&#8220; column_shadow=&#8220;none&#8220; column_border_radius=&#8220;none&#8220; column_link_target=&#8220;_self&#8220; column_position=&#8220;default&#8220; gradient_direction=&#8220;left_to_right&#8220; overlay_strength=&#8220;0.3&#8243; width=&#8220;1\/1&#8243; tablet_width_inherit=&#8220;default&#8220; animation_type=&#8220;default&#8220; bg_image_animation=&#8220;none&#8220; border_type=&#8220;simple&#8220; column_border_width=&#8220;none&#8220; column_border_style=&#8220;solid&#8220;][vc_column_text css=&#8220;&#8220; text_direction=&#8220;default&#8220;]<span style=\"font-weight: 400;\">Zum Abschluss des Tages erlebten wir besondere Momente beim Firmenessen, das zu Ehren der engagierten Leistungen unserer Teammitglieder im Laufe des Jahres organisiert wurde. W\u00e4hrend die <\/span><i><span style=\"font-weight: 400;\">Mitarbeiter des Jahres<\/span><\/i><span style=\"font-weight: 400;\"> bekannt gegeben wurden, erhielten f\u00fcnf gl\u00fcckliche Mitarbeitende, die im Rahmen einer Namensverlosung ausgew\u00e4hlt wurden, \u00dcberraschungsgeschenke. Die Feierlichkeiten wurden mit dem Anschneiden der Torte fortgesetzt, wobei die Neujahrsfreude gemeinsam geteilt wurde.<\/span><\/p>\n<p><span style=\"font-weight: 400;\">Unsere Jahresabschlussbewertung und Neujahrsveranstaltung wurde als eine bedeutungsvolle Organisation erfolgreich abgeschlossen, die unseren Teamgeist st\u00e4rkte, unsere Erfolge gemeinsam feiern lie\u00df und unsere Motivation f\u00fcr die Zukunft weiter festigte.<\/span><span style=\"font-weight: 400;\"><br \/>\n<\/span><span style=\"font-weight: 400;\">Wir danken allen Teammitgliedern, die zur Umsetzung dieser Veranstaltung beigetragen haben, sowie allen Mitarbeitenden, die durch ihre Teilnahme diesen besonderen Tag mit uns geteilt haben. Wir w\u00fcnschen uns, auch im neuen Jahr gemeinsam viele weitere Erfolge zu erzielen.<\/span>[\/vc_column_text][\/vc_column][\/vc_row]\n","protected":false},"excerpt":{"rendered":"<p>[vc_row type=&#8220;in_container&#8220; full_screen_row_position=&#8220;middle&#8220; column_margin=&#8220;default&#8220; column_direction=&#8220;default&#8220; column_direction_tablet=&#8220;default&#8220; column_direction_phone=&#8220;default&#8220; scene_position=&#8220;center&#8220; text_color=&#8220;dark&#8220; text_align=&#8220;left&#8220; row_border_radius=&#8220;none&#8220; row_border_radius_applies=&#8220;bg&#8220; overflow=&#8220;visible&#8220; overlay_strength=&#8220;0.3&#8243; gradient_direction=&#8220;left_to_right&#8220;&#8230;<\/p>\n","protected":false},"author":1,"featured_media":9665,"comment_status":"closed","ping_status":"open","sticky":false,"template":"","format":"standard","meta":{"footnotes":""},"categories":[55],"tags":[],"class_list":{"0":"post-9732","1":"post","2":"type-post","3":"status-publish","4":"format-standard","5":"has-post-thumbnail","7":"category-news-de"},"yoast_head":"<!-- This site is optimized with the Yoast SEO plugin v27.5 - https:\/\/yoast.com\/product\/yoast-seo-wordpress\/ -->\n<title>Jahresr\u00fcckblick 2025 und Vision f\u00fcr 2026 - Centriplus | Keep Producing Plus Value<\/title>\n<meta name=\"description\" content=\"Jahresr\u00fcckblick und Neujahrsveranstaltung am 9. Januar 2026 im Anemon Hotel, bei der die Erfolge des Jahres 2025 und unsere Vision f\u00fcr 2026 gefeiert wurden.\" \/>\n<meta name=\"robots\" content=\"index, follow, max-snippet:-1, max-image-preview:large, max-video-preview:-1\" \/>\n<link rel=\"canonical\" href=\"https:\/\/centriplus.com\/de\/jahresrueckblick-2025-und-vision-fuer-2026\/\" \/>\n<meta property=\"og:locale\" content=\"de_DE\" \/>\n<meta property=\"og:type\" content=\"article\" \/>\n<meta property=\"og:title\" content=\"Jahresr\u00fcckblick 2025 und Vision f\u00fcr 2026 - Centriplus | Keep Producing Plus Value\" \/>\n<meta property=\"og:description\" content=\"Jahresr\u00fcckblick und Neujahrsveranstaltung am 9. Januar 2026 im Anemon Hotel, bei der die Erfolge des Jahres 2025 und unsere Vision f\u00fcr 2026 gefeiert wurden.\" \/>\n<meta property=\"og:url\" content=\"https:\/\/centriplus.com\/de\/jahresrueckblick-2025-und-vision-fuer-2026\/\" \/>\n<meta property=\"og:site_name\" content=\"Centriplus | Keep Producing Plus Value\" \/>\n<meta property=\"article:publisher\" content=\"https:\/\/www.facebook.com\/centriplusglobal\" \/>\n<meta property=\"article:published_time\" content=\"2026-02-16T07:07:22+00:00\" \/>\n<meta property=\"article:modified_time\" content=\"2026-02-16T12:48:19+00:00\" \/>\n<meta property=\"og:image\" content=\"https:\/\/centriplus.com\/wp-content\/uploads\/2026\/02\/reflections-on-2025-and-vision-for-2026-4.jpg\" \/>\n\t<meta property=\"og:image:width\" content=\"1520\" \/>\n\t<meta property=\"og:image:height\" content=\"1011\" \/>\n\t<meta property=\"og:image:type\" content=\"image\/jpeg\" \/>\n<meta name=\"author\" content=\"Centriplus\" \/>\n<meta name=\"twitter:card\" content=\"summary_large_image\" \/>\n<meta name=\"twitter:label1\" content=\"Verfasst von\" \/>\n\t<meta name=\"twitter:data1\" content=\"Centriplus\" \/>\n\t<meta name=\"twitter:label2\" content=\"Gesch\u00e4tzte Lesezeit\" \/>\n\t<meta name=\"twitter:data2\" content=\"2\u00a0Minuten\" \/>\n<script type=\"application\/ld+json\" class=\"yoast-schema-graph\">{\"@context\":\"https:\\\/\\\/schema.org\",\"@graph\":[{\"@type\":\"Article\",\"@id\":\"https:\\\/\\\/centriplus.com\\\/de\\\/jahresrueckblick-2025-und-vision-fuer-2026\\\/#article\",\"isPartOf\":{\"@id\":\"https:\\\/\\\/centriplus.com\\\/de\\\/jahresrueckblick-2025-und-vision-fuer-2026\\\/\"},\"author\":{\"name\":\"Centriplus\",\"@id\":\"https:\\\/\\\/centriplus.com\\\/de\\\/#\\\/schema\\\/person\\\/28acecaaa09a98c45bb2dab9c80da196\"},\"headline\":\"Jahresr\u00fcckblick 2025 und Vision f\u00fcr 2026\",\"datePublished\":\"2026-02-16T07:07:22+00:00\",\"dateModified\":\"2026-02-16T12:48:19+00:00\",\"mainEntityOfPage\":{\"@id\":\"https:\\\/\\\/centriplus.com\\\/de\\\/jahresrueckblick-2025-und-vision-fuer-2026\\\/\"},\"wordCount\":750,\"publisher\":{\"@id\":\"https:\\\/\\\/centriplus.com\\\/de\\\/#organization\"},\"image\":{\"@id\":\"https:\\\/\\\/centriplus.com\\\/de\\\/jahresrueckblick-2025-und-vision-fuer-2026\\\/#primaryimage\"},\"thumbnailUrl\":\"https:\\\/\\\/centriplus.com\\\/wp-content\\\/uploads\\\/2026\\\/02\\\/reflections-on-2025-and-vision-for-2026-4.jpg\",\"articleSection\":[\"News\"],\"inLanguage\":\"de\"},{\"@type\":\"WebPage\",\"@id\":\"https:\\\/\\\/centriplus.com\\\/de\\\/jahresrueckblick-2025-und-vision-fuer-2026\\\/\",\"url\":\"https:\\\/\\\/centriplus.com\\\/de\\\/jahresrueckblick-2025-und-vision-fuer-2026\\\/\",\"name\":\"Jahresr\u00fcckblick 2025 und Vision f\u00fcr 2026 - Centriplus | Keep Producing Plus Value\",\"isPartOf\":{\"@id\":\"https:\\\/\\\/centriplus.com\\\/de\\\/#website\"},\"primaryImageOfPage\":{\"@id\":\"https:\\\/\\\/centriplus.com\\\/de\\\/jahresrueckblick-2025-und-vision-fuer-2026\\\/#primaryimage\"},\"image\":{\"@id\":\"https:\\\/\\\/centriplus.com\\\/de\\\/jahresrueckblick-2025-und-vision-fuer-2026\\\/#primaryimage\"},\"thumbnailUrl\":\"https:\\\/\\\/centriplus.com\\\/wp-content\\\/uploads\\\/2026\\\/02\\\/reflections-on-2025-and-vision-for-2026-4.jpg\",\"datePublished\":\"2026-02-16T07:07:22+00:00\",\"dateModified\":\"2026-02-16T12:48:19+00:00\",\"description\":\"Jahresr\u00fcckblick und Neujahrsveranstaltung am 9. Januar 2026 im Anemon Hotel, bei der die Erfolge des Jahres 2025 und unsere Vision f\u00fcr 2026 gefeiert wurden.\",\"breadcrumb\":{\"@id\":\"https:\\\/\\\/centriplus.com\\\/de\\\/jahresrueckblick-2025-und-vision-fuer-2026\\\/#breadcrumb\"},\"inLanguage\":\"de\",\"potentialAction\":[{\"@type\":\"ReadAction\",\"target\":[\"https:\\\/\\\/centriplus.com\\\/de\\\/jahresrueckblick-2025-und-vision-fuer-2026\\\/\"]}]},{\"@type\":\"ImageObject\",\"inLanguage\":\"de\",\"@id\":\"https:\\\/\\\/centriplus.com\\\/de\\\/jahresrueckblick-2025-und-vision-fuer-2026\\\/#primaryimage\",\"url\":\"https:\\\/\\\/centriplus.com\\\/wp-content\\\/uploads\\\/2026\\\/02\\\/reflections-on-2025-and-vision-for-2026-4.jpg\",\"contentUrl\":\"https:\\\/\\\/centriplus.com\\\/wp-content\\\/uploads\\\/2026\\\/02\\\/reflections-on-2025-and-vision-for-2026-4.jpg\",\"width\":1520,\"height\":1011,\"caption\":\"reflections on 2025 and vision for 2026\"},{\"@type\":\"BreadcrumbList\",\"@id\":\"https:\\\/\\\/centriplus.com\\\/de\\\/jahresrueckblick-2025-und-vision-fuer-2026\\\/#breadcrumb\",\"itemListElement\":[{\"@type\":\"ListItem\",\"position\":1,\"name\":\"Home\",\"item\":\"https:\\\/\\\/centriplus.com\\\/de\\\/\"},{\"@type\":\"ListItem\",\"position\":2,\"name\":\"Jahresr\u00fcckblick 2025 und Vision f\u00fcr 2026\"}]},{\"@type\":\"WebSite\",\"@id\":\"https:\\\/\\\/centriplus.com\\\/de\\\/#website\",\"url\":\"https:\\\/\\\/centriplus.com\\\/de\\\/\",\"name\":\"Centriplus | Keep Producing Plus Value\",\"description\":\"\",\"publisher\":{\"@id\":\"https:\\\/\\\/centriplus.com\\\/de\\\/#organization\"},\"potentialAction\":[{\"@type\":\"SearchAction\",\"target\":{\"@type\":\"EntryPoint\",\"urlTemplate\":\"https:\\\/\\\/centriplus.com\\\/de\\\/?s={search_term_string}\"},\"query-input\":{\"@type\":\"PropertyValueSpecification\",\"valueRequired\":true,\"valueName\":\"search_term_string\"}}],\"inLanguage\":\"de\"},{\"@type\":\"Organization\",\"@id\":\"https:\\\/\\\/centriplus.com\\\/de\\\/#organization\",\"name\":\"Centriplus | Keep Producing Plus Value\",\"url\":\"https:\\\/\\\/centriplus.com\\\/de\\\/\",\"logo\":{\"@type\":\"ImageObject\",\"inLanguage\":\"de\",\"@id\":\"https:\\\/\\\/centriplus.com\\\/de\\\/#\\\/schema\\\/logo\\\/image\\\/\",\"url\":\"https:\\\/\\\/centriplus.com\\\/wp-content\\\/uploads\\\/2024\\\/08\\\/centriplus-company-logo.jpg\",\"contentUrl\":\"https:\\\/\\\/centriplus.com\\\/wp-content\\\/uploads\\\/2024\\\/08\\\/centriplus-company-logo.jpg\",\"width\":512,\"height\":512,\"caption\":\"Centriplus | Keep Producing Plus Value\"},\"image\":{\"@id\":\"https:\\\/\\\/centriplus.com\\\/de\\\/#\\\/schema\\\/logo\\\/image\\\/\"},\"sameAs\":[\"https:\\\/\\\/www.facebook.com\\\/centriplusglobal\",\"https:\\\/\\\/www.instagram.com\\\/centriplusseptech\\\/\"]},{\"@type\":\"Person\",\"@id\":\"https:\\\/\\\/centriplus.com\\\/de\\\/#\\\/schema\\\/person\\\/28acecaaa09a98c45bb2dab9c80da196\",\"name\":\"Centriplus\",\"image\":{\"@type\":\"ImageObject\",\"inLanguage\":\"de\",\"@id\":\"https:\\\/\\\/centriplus.com\\\/wp-content\\\/uploads\\\/2024\\\/07\\\/cropped-favico-100x100.png\",\"url\":\"https:\\\/\\\/centriplus.com\\\/wp-content\\\/uploads\\\/2024\\\/07\\\/cropped-favico-100x100.png\",\"contentUrl\":\"https:\\\/\\\/centriplus.com\\\/wp-content\\\/uploads\\\/2024\\\/07\\\/cropped-favico-100x100.png\",\"caption\":\"Centriplus\"},\"sameAs\":[\"https:\\\/\\\/centriplus.test\"],\"url\":\"https:\\\/\\\/centriplus.com\\\/de\\\/author\\\/ibrahimturan\\\/\"}]}<\/script>\n<!-- \/ Yoast SEO plugin. -->","yoast_head_json":{"title":"Jahresr\u00fcckblick 2025 und Vision f\u00fcr 2026 - Centriplus | Keep Producing Plus Value","description":"Jahresr\u00fcckblick und Neujahrsveranstaltung am 9. Januar 2026 im Anemon Hotel, bei der die Erfolge des Jahres 2025 und unsere Vision f\u00fcr 2026 gefeiert wurden.","robots":{"index":"index","follow":"follow","max-snippet":"max-snippet:-1","max-image-preview":"max-image-preview:large","max-video-preview":"max-video-preview:-1"},"canonical":"https:\/\/centriplus.com\/de\/jahresrueckblick-2025-und-vision-fuer-2026\/","og_locale":"de_DE","og_type":"article","og_title":"Jahresr\u00fcckblick 2025 und Vision f\u00fcr 2026 - Centriplus | Keep Producing Plus Value","og_description":"Jahresr\u00fcckblick und Neujahrsveranstaltung am 9. Januar 2026 im Anemon Hotel, bei der die Erfolge des Jahres 2025 und unsere Vision f\u00fcr 2026 gefeiert wurden.","og_url":"https:\/\/centriplus.com\/de\/jahresrueckblick-2025-und-vision-fuer-2026\/","og_site_name":"Centriplus | Keep Producing Plus Value","article_publisher":"https:\/\/www.facebook.com\/centriplusglobal","article_published_time":"2026-02-16T07:07:22+00:00","article_modified_time":"2026-02-16T12:48:19+00:00","og_image":[{"width":1520,"height":1011,"url":"https:\/\/centriplus.com\/wp-content\/uploads\/2026\/02\/reflections-on-2025-and-vision-for-2026-4.jpg","type":"image\/jpeg"}],"author":"Centriplus","twitter_card":"summary_large_image","twitter_misc":{"Verfasst von":"Centriplus","Gesch\u00e4tzte Lesezeit":"2\u00a0Minuten"},"schema":{"@context":"https:\/\/schema.org","@graph":[{"@type":"Article","@id":"https:\/\/centriplus.com\/de\/jahresrueckblick-2025-und-vision-fuer-2026\/#article","isPartOf":{"@id":"https:\/\/centriplus.com\/de\/jahresrueckblick-2025-und-vision-fuer-2026\/"},"author":{"name":"Centriplus","@id":"https:\/\/centriplus.com\/de\/#\/schema\/person\/28acecaaa09a98c45bb2dab9c80da196"},"headline":"Jahresr\u00fcckblick 2025 und Vision f\u00fcr 2026","datePublished":"2026-02-16T07:07:22+00:00","dateModified":"2026-02-16T12:48:19+00:00","mainEntityOfPage":{"@id":"https:\/\/centriplus.com\/de\/jahresrueckblick-2025-und-vision-fuer-2026\/"},"wordCount":750,"publisher":{"@id":"https:\/\/centriplus.com\/de\/#organization"},"image":{"@id":"https:\/\/centriplus.com\/de\/jahresrueckblick-2025-und-vision-fuer-2026\/#primaryimage"},"thumbnailUrl":"https:\/\/centriplus.com\/wp-content\/uploads\/2026\/02\/reflections-on-2025-and-vision-for-2026-4.jpg","articleSection":["News"],"inLanguage":"de"},{"@type":"WebPage","@id":"https:\/\/centriplus.com\/de\/jahresrueckblick-2025-und-vision-fuer-2026\/","url":"https:\/\/centriplus.com\/de\/jahresrueckblick-2025-und-vision-fuer-2026\/","name":"Jahresr\u00fcckblick 2025 und Vision f\u00fcr 2026 - Centriplus | Keep Producing Plus Value","isPartOf":{"@id":"https:\/\/centriplus.com\/de\/#website"},"primaryImageOfPage":{"@id":"https:\/\/centriplus.com\/de\/jahresrueckblick-2025-und-vision-fuer-2026\/#primaryimage"},"image":{"@id":"https:\/\/centriplus.com\/de\/jahresrueckblick-2025-und-vision-fuer-2026\/#primaryimage"},"thumbnailUrl":"https:\/\/centriplus.com\/wp-content\/uploads\/2026\/02\/reflections-on-2025-and-vision-for-2026-4.jpg","datePublished":"2026-02-16T07:07:22+00:00","dateModified":"2026-02-16T12:48:19+00:00","description":"Jahresr\u00fcckblick und Neujahrsveranstaltung am 9. Januar 2026 im Anemon Hotel, bei der die Erfolge des Jahres 2025 und unsere Vision f\u00fcr 2026 gefeiert wurden.","breadcrumb":{"@id":"https:\/\/centriplus.com\/de\/jahresrueckblick-2025-und-vision-fuer-2026\/#breadcrumb"},"inLanguage":"de","potentialAction":[{"@type":"ReadAction","target":["https:\/\/centriplus.com\/de\/jahresrueckblick-2025-und-vision-fuer-2026\/"]}]},{"@type":"ImageObject","inLanguage":"de","@id":"https:\/\/centriplus.com\/de\/jahresrueckblick-2025-und-vision-fuer-2026\/#primaryimage","url":"https:\/\/centriplus.com\/wp-content\/uploads\/2026\/02\/reflections-on-2025-and-vision-for-2026-4.jpg","contentUrl":"https:\/\/centriplus.com\/wp-content\/uploads\/2026\/02\/reflections-on-2025-and-vision-for-2026-4.jpg","width":1520,"height":1011,"caption":"reflections on 2025 and vision for 2026"},{"@type":"BreadcrumbList","@id":"https:\/\/centriplus.com\/de\/jahresrueckblick-2025-und-vision-fuer-2026\/#breadcrumb","itemListElement":[{"@type":"ListItem","position":1,"name":"Home","item":"https:\/\/centriplus.com\/de\/"},{"@type":"ListItem","position":2,"name":"Jahresr\u00fcckblick 2025 und Vision f\u00fcr 2026"}]},{"@type":"WebSite","@id":"https:\/\/centriplus.com\/de\/#website","url":"https:\/\/centriplus.com\/de\/","name":"Centriplus | Keep Producing Plus Value","description":"","publisher":{"@id":"https:\/\/centriplus.com\/de\/#organization"},"potentialAction":[{"@type":"SearchAction","target":{"@type":"EntryPoint","urlTemplate":"https:\/\/centriplus.com\/de\/?s={search_term_string}"},"query-input":{"@type":"PropertyValueSpecification","valueRequired":true,"valueName":"search_term_string"}}],"inLanguage":"de"},{"@type":"Organization","@id":"https:\/\/centriplus.com\/de\/#organization","name":"Centriplus | Keep Producing Plus Value","url":"https:\/\/centriplus.com\/de\/","logo":{"@type":"ImageObject","inLanguage":"de","@id":"https:\/\/centriplus.com\/de\/#\/schema\/logo\/image\/","url":"https:\/\/centriplus.com\/wp-content\/uploads\/2024\/08\/centriplus-company-logo.jpg","contentUrl":"https:\/\/centriplus.com\/wp-content\/uploads\/2024\/08\/centriplus-company-logo.jpg","width":512,"height":512,"caption":"Centriplus | Keep Producing Plus Value"},"image":{"@id":"https:\/\/centriplus.com\/de\/#\/schema\/logo\/image\/"},"sameAs":["https:\/\/www.facebook.com\/centriplusglobal","https:\/\/www.instagram.com\/centriplusseptech\/"]},{"@type":"Person","@id":"https:\/\/centriplus.com\/de\/#\/schema\/person\/28acecaaa09a98c45bb2dab9c80da196","name":"Centriplus","image":{"@type":"ImageObject","inLanguage":"de","@id":"https:\/\/centriplus.com\/wp-content\/uploads\/2024\/07\/cropped-favico-100x100.png","url":"https:\/\/centriplus.com\/wp-content\/uploads\/2024\/07\/cropped-favico-100x100.png","contentUrl":"https:\/\/centriplus.com\/wp-content\/uploads\/2024\/07\/cropped-favico-100x100.png","caption":"Centriplus"},"sameAs":["https:\/\/centriplus.test"],"url":"https:\/\/centriplus.com\/de\/author\/ibrahimturan\/"}]}},"_links":{"self":[{"href":"https:\/\/centriplus.com\/de\/wp-json\/wp\/v2\/posts\/9732","targetHints":{"allow":["GET"]}}],"collection":[{"href":"https:\/\/centriplus.com\/de\/wp-json\/wp\/v2\/posts"}],"about":[{"href":"https:\/\/centriplus.com\/de\/wp-json\/wp\/v2\/types\/post"}],"author":[{"embeddable":true,"href":"https:\/\/centriplus.com\/de\/wp-json\/wp\/v2\/users\/1"}],"replies":[{"embeddable":true,"href":"https:\/\/centriplus.com\/de\/wp-json\/wp\/v2\/comments?post=9732"}],"version-history":[{"count":2,"href":"https:\/\/centriplus.com\/de\/wp-json\/wp\/v2\/posts\/9732\/revisions"}],"predecessor-version":[{"id":9740,"href":"https:\/\/centriplus.com\/de\/wp-json\/wp\/v2\/posts\/9732\/revisions\/9740"}],"wp:featuredmedia":[{"embeddable":true,"href":"https:\/\/centriplus.com\/de\/wp-json\/wp\/v2\/media\/9665"}],"wp:attachment":[{"href":"https:\/\/centriplus.com\/de\/wp-json\/wp\/v2\/media?parent=9732"}],"wp:term":[{"taxonomy":"category","embeddable":true,"href":"https:\/\/centriplus.com\/de\/wp-json\/wp\/v2\/categories?post=9732"},{"taxonomy":"post_tag","embeddable":true,"href":"https:\/\/centriplus.com\/de\/wp-json\/wp\/v2\/tags?post=9732"}],"curies":[{"name":"wp","href":"https:\/\/api.w.org\/{rel}","templated":true}]}}