{"id":8378,"date":"2025-03-19T00:05:09","date_gmt":"2025-03-18T21:05:09","guid":{"rendered":"https:\/\/centriplus.com\/centriplus-announces-its-expansion-into-africa-with-the-launch-of-centriplus-africa\/"},"modified":"2025-04-16T12:25:50","modified_gmt":"2025-04-16T09:25:50","slug":"centriplus-announces-its-expansion-into-africa-with-the-launch-of-centriplus-africa","status":"publish","type":"post","link":"https:\/\/centriplus.com\/de\/centriplus-announces-its-expansion-into-africa-with-the-launch-of-centriplus-africa\/","title":{"rendered":"Centriplus startet mit Centriplus Africa in eine neue \u00c4ra des Wachstums"},"content":{"rendered":"[vc_row type=&#8220;in_container&#8220; full_screen_row_position=&#8220;middle&#8220; column_margin=&#8220;default&#8220; column_direction=&#8220;default&#8220; column_direction_tablet=&#8220;default&#8220; column_direction_phone=&#8220;default&#8220; scene_position=&#8220;center&#8220; text_color=&#8220;dark&#8220; text_align=&#8220;left&#8220; row_border_radius=&#8220;none&#8220; row_border_radius_applies=&#8220;bg&#8220; overflow=&#8220;visible&#8220; overlay_strength=&#8220;0.3&#8243; gradient_direction=&#8220;left_to_right&#8220; shape_divider_position=&#8220;bottom&#8220; bg_image_animation=&#8220;none&#8220;][vc_column column_padding=&#8220;no-extra-padding&#8220; column_padding_tablet=&#8220;inherit&#8220; column_padding_phone=&#8220;inherit&#8220; column_padding_position=&#8220;all&#8220; column_element_direction_desktop=&#8220;default&#8220; column_element_spacing=&#8220;default&#8220; desktop_text_alignment=&#8220;default&#8220; tablet_text_alignment=&#8220;default&#8220; phone_text_alignment=&#8220;default&#8220; background_color_opacity=&#8220;1&#8243; background_hover_color_opacity=&#8220;1&#8243; column_backdrop_filter=&#8220;none&#8220; column_shadow=&#8220;none&#8220; column_border_radius=&#8220;none&#8220; column_link_target=&#8220;_self&#8220; column_position=&#8220;default&#8220; gradient_direction=&#8220;left_to_right&#8220; overlay_strength=&#8220;0.3&#8243; width=&#8220;1\/1&#8243; tablet_width_inherit=&#8220;default&#8220; animation_type=&#8220;default&#8220; bg_image_animation=&#8220;none&#8220; border_type=&#8220;simple&#8220; column_border_width=&#8220;none&#8220; column_border_style=&#8220;solid&#8220;][vc_column_text css=&#8220;&#8220; text_direction=&#8220;default&#8220;]<span style=\"font-weight: 400;\">Centriplus freut sich, den offiziellen Start von <\/span><b><i>Centriplus Africa<\/i><\/b><b>,<\/b><span style=\"font-weight: 400;\"> bekannt zu geben \u2013 ein bedeutender Schritt im Rahmen unserer internationalen Wachstumsstrategie. Mit diesem neuen Standort bekr\u00e4ftigen wir unser Ziel, unsere Pr\u00e4senz auf dem afrikanischen Kontinent auszubauen und Unternehmen vor Ort mit ma\u00dfgeschneiderten, zukunftsorientierten L\u00f6sungen zu unterst\u00fctzen.<\/span><\/p>\n<p><span style=\"font-weight: 400;\">Afrika gilt als einer der dynamischsten Wachstumsm\u00e4rkte der Welt \u2013 mit enormem Potenzial und einzigartigen Gesch\u00e4ftsm\u00f6glichkeiten. Mit <\/span><i><span style=\"font-weight: 400;\">Centriplus Africa<\/span><\/i><span style=\"font-weight: 400;\">, bringen wir unsere globale Erfahrung und technologische Kompetenz gezielt in die Region ein. Unser Anspruch ist es, lokale Unternehmen dabei zu unterst\u00fctzen, Herausforderungen effizient zu bew\u00e4ltigen, ihre Wettbewerbsf\u00e4higkeit zu steigern und langfristig nachhaltig zu wachsen.<\/span>[\/vc_column_text][\/vc_column][\/vc_row][vc_row type=&#8220;in_container&#8220; full_screen_row_position=&#8220;middle&#8220; column_margin=&#8220;default&#8220; column_direction=&#8220;default&#8220; column_direction_tablet=&#8220;default&#8220; column_direction_phone=&#8220;default&#8220; scene_position=&#8220;center&#8220; text_color=&#8220;dark&#8220; text_align=&#8220;left&#8220; row_border_radius=&#8220;none&#8220; row_border_radius_applies=&#8220;bg&#8220; overflow=&#8220;visible&#8220; overlay_strength=&#8220;0.3&#8243; gradient_direction=&#8220;left_to_right&#8220; shape_divider_position=&#8220;bottom&#8220; bg_image_animation=&#8220;none&#8220;][vc_column column_padding=&#8220;no-extra-padding&#8220; column_padding_tablet=&#8220;inherit&#8220; column_padding_phone=&#8220;inherit&#8220; column_padding_position=&#8220;all&#8220; column_element_direction_desktop=&#8220;default&#8220; column_element_spacing=&#8220;default&#8220; desktop_text_alignment=&#8220;default&#8220; tablet_text_alignment=&#8220;default&#8220; phone_text_alignment=&#8220;default&#8220; background_color_opacity=&#8220;1&#8243; background_hover_color_opacity=&#8220;1&#8243; column_backdrop_filter=&#8220;none&#8220; column_shadow=&#8220;none&#8220; column_border_radius=&#8220;none&#8220; column_link_target=&#8220;_self&#8220; column_position=&#8220;default&#8220; gradient_direction=&#8220;left_to_right&#8220; overlay_strength=&#8220;0.3&#8243; width=&#8220;1\/1&#8243; tablet_width_inherit=&#8220;default&#8220; animation_type=&#8220;default&#8220; bg_image_animation=&#8220;none&#8220; border_type=&#8220;simple&#8220; column_border_width=&#8220;none&#8220; column_border_style=&#8220;solid&#8220;][image_with_animation image_url=&#8220;8171&#8243; image_size=&#8220;full&#8220; animation_type=&#8220;entrance&#8220; animation=&#8220;None&#8220; animation_movement_type=&#8220;transform_y&#8220; hover_animation=&#8220;none&#8220; alignment=&#8220;&#8220; border_radius=&#8220;none&#8220; box_shadow=&#8220;none&#8220; image_loading=&#8220;default&#8220; max_width=&#8220;100%&#8220; max_width_mobile=&#8220;default&#8220;][\/vc_column][\/vc_row][vc_row type=&#8220;in_container&#8220; full_screen_row_position=&#8220;middle&#8220; column_margin=&#8220;default&#8220; column_direction=&#8220;default&#8220; column_direction_tablet=&#8220;default&#8220; column_direction_phone=&#8220;default&#8220; scene_position=&#8220;center&#8220; text_color=&#8220;dark&#8220; text_align=&#8220;left&#8220; row_border_radius=&#8220;none&#8220; row_border_radius_applies=&#8220;bg&#8220; overflow=&#8220;visible&#8220; overlay_strength=&#8220;0.3&#8243; gradient_direction=&#8220;left_to_right&#8220; shape_divider_position=&#8220;bottom&#8220; bg_image_animation=&#8220;none&#8220;][vc_column column_padding=&#8220;no-extra-padding&#8220; column_padding_tablet=&#8220;inherit&#8220; column_padding_phone=&#8220;inherit&#8220; column_padding_position=&#8220;all&#8220; column_element_direction_desktop=&#8220;default&#8220; column_element_spacing=&#8220;default&#8220; desktop_text_alignment=&#8220;default&#8220; tablet_text_alignment=&#8220;default&#8220; phone_text_alignment=&#8220;default&#8220; background_color_opacity=&#8220;1&#8243; background_hover_color_opacity=&#8220;1&#8243; column_backdrop_filter=&#8220;none&#8220; column_shadow=&#8220;none&#8220; column_border_radius=&#8220;none&#8220; column_link_target=&#8220;_self&#8220; column_position=&#8220;default&#8220; gradient_direction=&#8220;left_to_right&#8220; overlay_strength=&#8220;0.3&#8243; width=&#8220;1\/1&#8243; tablet_width_inherit=&#8220;default&#8220; animation_type=&#8220;default&#8220; bg_image_animation=&#8220;none&#8220; border_type=&#8220;simple&#8220; column_border_width=&#8220;none&#8220; column_border_style=&#8220;solid&#8220;][vc_column_text css=&#8220;&#8220; text_direction=&#8220;default&#8220;]<span style=\"font-weight: 400;\">Diese strategische Expansion bedeutet weit mehr als nur r\u00e4umliche Vergr\u00f6\u00dferung: Sie erm\u00f6glicht es uns, regionale Marktbed\u00fcrfnisse besser zu verstehen und eng mit lokalen Partnern zusammenzuarbeiten. Dabei steht die Entwicklung langfristiger, vertrauensvoller Beziehungen im Vordergrund <\/span><i><span style=\"font-weight: 400;\">Centriplus Africa<\/span><\/i><span style=\"font-weight: 400;\"> wird seine Services stets marktspezifisch und kundennah ausrichten \u2013 individuell abgestimmt auf die Gegebenheiten jedes Landes und jeder Branche<\/span><\/p>\n<p><span style=\"font-weight: 400;\">Ein weiterer Meilenstein auf diesem Weg ist eine neue strategische Partnerschaft, die unsere Position in Afrika entscheidend st\u00e4rken wird. Sie wird uns erm\u00f6glichen, unsere Aktivit\u00e4ten weiter auszubauen und unsere Kunden noch gezielter zu unterst\u00fctzen. Details dazu folgen in K\u00fcrze \u2013 bleiben Sie gespannt!<\/span><\/p>\n<p><span style=\"font-weight: 400;\">Wir freuen uns darauf, gemeinsam mit unseren Partnern und Kunden in Afrika neue Wege zu gehen. Mit Innovationskraft, Verl\u00e4sslichkeit und einem klaren Fokus auf individuelle L\u00f6sungen m\u00f6chten wir einen echten Mehrwert schaffen \u2013 heute und in Zukunft.<\/span>[\/vc_column_text][\/vc_column][\/vc_row]\n","protected":false},"excerpt":{"rendered":"<p>[vc_row type=&#8220;in_container&#8220; full_screen_row_position=&#8220;middle&#8220; column_margin=&#8220;default&#8220; column_direction=&#8220;default&#8220; column_direction_tablet=&#8220;default&#8220; column_direction_phone=&#8220;default&#8220; scene_position=&#8220;center&#8220; text_color=&#8220;dark&#8220; text_align=&#8220;left&#8220; row_border_radius=&#8220;none&#8220; row_border_radius_applies=&#8220;bg&#8220; overflow=&#8220;visible&#8220; overlay_strength=&#8220;0.3&#8243; gradient_direction=&#8220;left_to_right&#8220;&#8230;<\/p>\n","protected":false},"author":1,"featured_media":8181,"comment_status":"closed","ping_status":"open","sticky":false,"template":"","format":"standard","meta":{"footnotes":""},"categories":[55],"tags":[],"class_list":{"0":"post-8378","1":"post","2":"type-post","3":"status-publish","4":"format-standard","5":"has-post-thumbnail","7":"category-news-de"},"yoast_head":"<!-- This site is optimized with the Yoast SEO plugin v27.5 - https:\/\/yoast.com\/product\/yoast-seo-wordpress\/ -->\n<title>Centriplus startet mit Centriplus Africa in eine neue \u00c4ra des Wachstums<\/title>\n<meta name=\"description\" content=\"Centriplus freut sich, den offiziellen Start von Centriplus Africa bekannt zu geben \u2013 ein bedeutender Schritt im Rahmen unserer internationalen Wachstumsstrategie.\" \/>\n<meta name=\"robots\" content=\"index, follow, max-snippet:-1, max-image-preview:large, max-video-preview:-1\" \/>\n<link rel=\"canonical\" href=\"https:\/\/centriplus.com\/de\/centriplus-announces-its-expansion-into-africa-with-the-launch-of-centriplus-africa\/\" \/>\n<meta property=\"og:locale\" content=\"de_DE\" \/>\n<meta property=\"og:type\" content=\"article\" \/>\n<meta property=\"og:title\" content=\"Centriplus startet mit Centriplus Africa in eine neue \u00c4ra des Wachstums\" \/>\n<meta property=\"og:description\" content=\"Centriplus freut sich, den offiziellen Start von Centriplus Africa bekannt zu geben \u2013 ein bedeutender Schritt im Rahmen unserer internationalen Wachstumsstrategie.\" \/>\n<meta property=\"og:url\" content=\"https:\/\/centriplus.com\/de\/centriplus-announces-its-expansion-into-africa-with-the-launch-of-centriplus-africa\/\" \/>\n<meta property=\"og:site_name\" content=\"Centriplus | Keep Producing Plus Value\" \/>\n<meta property=\"article:publisher\" content=\"https:\/\/www.facebook.com\/centriplusglobal\" \/>\n<meta property=\"article:published_time\" content=\"2025-03-18T21:05:09+00:00\" \/>\n<meta property=\"article:modified_time\" content=\"2025-04-16T09:25:50+00:00\" \/>\n<meta property=\"og:image\" content=\"https:\/\/centriplus.com\/wp-content\/uploads\/2025\/03\/centriplus-afrikada.jpg\" \/>\n\t<meta property=\"og:image:width\" content=\"1696\" \/>\n\t<meta property=\"og:image:height\" content=\"717\" \/>\n\t<meta property=\"og:image:type\" content=\"image\/jpeg\" \/>\n<meta name=\"author\" content=\"Centriplus\" \/>\n<meta name=\"twitter:card\" content=\"summary_large_image\" \/>\n<meta name=\"twitter:label1\" content=\"Verfasst von\" \/>\n\t<meta name=\"twitter:data1\" content=\"Centriplus\" \/>\n\t<meta name=\"twitter:label2\" content=\"Gesch\u00e4tzte Lesezeit\" \/>\n\t<meta name=\"twitter:data2\" content=\"3\u00a0Minuten\" \/>\n<script type=\"application\/ld+json\" class=\"yoast-schema-graph\">{\"@context\":\"https:\\\/\\\/schema.org\",\"@graph\":[{\"@type\":\"Article\",\"@id\":\"https:\\\/\\\/centriplus.com\\\/de\\\/centriplus-announces-its-expansion-into-africa-with-the-launch-of-centriplus-africa\\\/#article\",\"isPartOf\":{\"@id\":\"https:\\\/\\\/centriplus.com\\\/de\\\/centriplus-announces-its-expansion-into-africa-with-the-launch-of-centriplus-africa\\\/\"},\"author\":{\"name\":\"Centriplus\",\"@id\":\"https:\\\/\\\/centriplus.com\\\/de\\\/#\\\/schema\\\/person\\\/28acecaaa09a98c45bb2dab9c80da196\"},\"headline\":\"Centriplus startet mit Centriplus Africa in eine neue \u00c4ra des Wachstums\",\"datePublished\":\"2025-03-18T21:05:09+00:00\",\"dateModified\":\"2025-04-16T09:25:50+00:00\",\"mainEntityOfPage\":{\"@id\":\"https:\\\/\\\/centriplus.com\\\/de\\\/centriplus-announces-its-expansion-into-africa-with-the-launch-of-centriplus-africa\\\/\"},\"wordCount\":789,\"publisher\":{\"@id\":\"https:\\\/\\\/centriplus.com\\\/de\\\/#organization\"},\"image\":{\"@id\":\"https:\\\/\\\/centriplus.com\\\/de\\\/centriplus-announces-its-expansion-into-africa-with-the-launch-of-centriplus-africa\\\/#primaryimage\"},\"thumbnailUrl\":\"https:\\\/\\\/centriplus.com\\\/wp-content\\\/uploads\\\/2025\\\/03\\\/centriplus-afrikada.jpg\",\"articleSection\":[\"News\"],\"inLanguage\":\"de\"},{\"@type\":\"WebPage\",\"@id\":\"https:\\\/\\\/centriplus.com\\\/de\\\/centriplus-announces-its-expansion-into-africa-with-the-launch-of-centriplus-africa\\\/\",\"url\":\"https:\\\/\\\/centriplus.com\\\/de\\\/centriplus-announces-its-expansion-into-africa-with-the-launch-of-centriplus-africa\\\/\",\"name\":\"Centriplus startet mit Centriplus Africa in eine neue \u00c4ra des Wachstums\",\"isPartOf\":{\"@id\":\"https:\\\/\\\/centriplus.com\\\/de\\\/#website\"},\"primaryImageOfPage\":{\"@id\":\"https:\\\/\\\/centriplus.com\\\/de\\\/centriplus-announces-its-expansion-into-africa-with-the-launch-of-centriplus-africa\\\/#primaryimage\"},\"image\":{\"@id\":\"https:\\\/\\\/centriplus.com\\\/de\\\/centriplus-announces-its-expansion-into-africa-with-the-launch-of-centriplus-africa\\\/#primaryimage\"},\"thumbnailUrl\":\"https:\\\/\\\/centriplus.com\\\/wp-content\\\/uploads\\\/2025\\\/03\\\/centriplus-afrikada.jpg\",\"datePublished\":\"2025-03-18T21:05:09+00:00\",\"dateModified\":\"2025-04-16T09:25:50+00:00\",\"description\":\"Centriplus freut sich, den offiziellen Start von Centriplus Africa bekannt zu geben \u2013 ein bedeutender Schritt im Rahmen unserer internationalen Wachstumsstrategie.\",\"breadcrumb\":{\"@id\":\"https:\\\/\\\/centriplus.com\\\/de\\\/centriplus-announces-its-expansion-into-africa-with-the-launch-of-centriplus-africa\\\/#breadcrumb\"},\"inLanguage\":\"de\",\"potentialAction\":[{\"@type\":\"ReadAction\",\"target\":[\"https:\\\/\\\/centriplus.com\\\/de\\\/centriplus-announces-its-expansion-into-africa-with-the-launch-of-centriplus-africa\\\/\"]}]},{\"@type\":\"ImageObject\",\"inLanguage\":\"de\",\"@id\":\"https:\\\/\\\/centriplus.com\\\/de\\\/centriplus-announces-its-expansion-into-africa-with-the-launch-of-centriplus-africa\\\/#primaryimage\",\"url\":\"https:\\\/\\\/centriplus.com\\\/wp-content\\\/uploads\\\/2025\\\/03\\\/centriplus-afrikada.jpg\",\"contentUrl\":\"https:\\\/\\\/centriplus.com\\\/wp-content\\\/uploads\\\/2025\\\/03\\\/centriplus-afrikada.jpg\",\"width\":1696,\"height\":717,\"caption\":\"centriplus afrika\"},{\"@type\":\"BreadcrumbList\",\"@id\":\"https:\\\/\\\/centriplus.com\\\/de\\\/centriplus-announces-its-expansion-into-africa-with-the-launch-of-centriplus-africa\\\/#breadcrumb\",\"itemListElement\":[{\"@type\":\"ListItem\",\"position\":1,\"name\":\"Home\",\"item\":\"https:\\\/\\\/centriplus.com\\\/de\\\/\"},{\"@type\":\"ListItem\",\"position\":2,\"name\":\"Centriplus startet mit Centriplus Africa in eine neue \u00c4ra des Wachstums\"}]},{\"@type\":\"WebSite\",\"@id\":\"https:\\\/\\\/centriplus.com\\\/de\\\/#website\",\"url\":\"https:\\\/\\\/centriplus.com\\\/de\\\/\",\"name\":\"Centriplus | Keep Producing Plus Value\",\"description\":\"\",\"publisher\":{\"@id\":\"https:\\\/\\\/centriplus.com\\\/de\\\/#organization\"},\"potentialAction\":[{\"@type\":\"SearchAction\",\"target\":{\"@type\":\"EntryPoint\",\"urlTemplate\":\"https:\\\/\\\/centriplus.com\\\/de\\\/?s={search_term_string}\"},\"query-input\":{\"@type\":\"PropertyValueSpecification\",\"valueRequired\":true,\"valueName\":\"search_term_string\"}}],\"inLanguage\":\"de\"},{\"@type\":\"Organization\",\"@id\":\"https:\\\/\\\/centriplus.com\\\/de\\\/#organization\",\"name\":\"Centriplus | Keep Producing Plus Value\",\"url\":\"https:\\\/\\\/centriplus.com\\\/de\\\/\",\"logo\":{\"@type\":\"ImageObject\",\"inLanguage\":\"de\",\"@id\":\"https:\\\/\\\/centriplus.com\\\/de\\\/#\\\/schema\\\/logo\\\/image\\\/\",\"url\":\"https:\\\/\\\/centriplus.com\\\/wp-content\\\/uploads\\\/2024\\\/08\\\/centriplus-company-logo.jpg\",\"contentUrl\":\"https:\\\/\\\/centriplus.com\\\/wp-content\\\/uploads\\\/2024\\\/08\\\/centriplus-company-logo.jpg\",\"width\":512,\"height\":512,\"caption\":\"Centriplus | Keep Producing Plus Value\"},\"image\":{\"@id\":\"https:\\\/\\\/centriplus.com\\\/de\\\/#\\\/schema\\\/logo\\\/image\\\/\"},\"sameAs\":[\"https:\\\/\\\/www.facebook.com\\\/centriplusglobal\",\"https:\\\/\\\/www.instagram.com\\\/centriplusseptech\\\/\"]},{\"@type\":\"Person\",\"@id\":\"https:\\\/\\\/centriplus.com\\\/de\\\/#\\\/schema\\\/person\\\/28acecaaa09a98c45bb2dab9c80da196\",\"name\":\"Centriplus\",\"image\":{\"@type\":\"ImageObject\",\"inLanguage\":\"de\",\"@id\":\"https:\\\/\\\/centriplus.com\\\/wp-content\\\/uploads\\\/2024\\\/07\\\/cropped-favico-100x100.png\",\"url\":\"https:\\\/\\\/centriplus.com\\\/wp-content\\\/uploads\\\/2024\\\/07\\\/cropped-favico-100x100.png\",\"contentUrl\":\"https:\\\/\\\/centriplus.com\\\/wp-content\\\/uploads\\\/2024\\\/07\\\/cropped-favico-100x100.png\",\"caption\":\"Centriplus\"},\"sameAs\":[\"https:\\\/\\\/centriplus.test\"],\"url\":\"https:\\\/\\\/centriplus.com\\\/de\\\/author\\\/ibrahimturan\\\/\"}]}<\/script>\n<!-- \/ Yoast SEO plugin. -->","yoast_head_json":{"title":"Centriplus startet mit Centriplus Africa in eine neue \u00c4ra des Wachstums","description":"Centriplus freut sich, den offiziellen Start von Centriplus Africa bekannt zu geben \u2013 ein bedeutender Schritt im Rahmen unserer internationalen Wachstumsstrategie.","robots":{"index":"index","follow":"follow","max-snippet":"max-snippet:-1","max-image-preview":"max-image-preview:large","max-video-preview":"max-video-preview:-1"},"canonical":"https:\/\/centriplus.com\/de\/centriplus-announces-its-expansion-into-africa-with-the-launch-of-centriplus-africa\/","og_locale":"de_DE","og_type":"article","og_title":"Centriplus startet mit Centriplus Africa in eine neue \u00c4ra des Wachstums","og_description":"Centriplus freut sich, den offiziellen Start von Centriplus Africa bekannt zu geben \u2013 ein bedeutender Schritt im Rahmen unserer internationalen Wachstumsstrategie.","og_url":"https:\/\/centriplus.com\/de\/centriplus-announces-its-expansion-into-africa-with-the-launch-of-centriplus-africa\/","og_site_name":"Centriplus | Keep Producing Plus Value","article_publisher":"https:\/\/www.facebook.com\/centriplusglobal","article_published_time":"2025-03-18T21:05:09+00:00","article_modified_time":"2025-04-16T09:25:50+00:00","og_image":[{"width":1696,"height":717,"url":"https:\/\/centriplus.com\/wp-content\/uploads\/2025\/03\/centriplus-afrikada.jpg","type":"image\/jpeg"}],"author":"Centriplus","twitter_card":"summary_large_image","twitter_misc":{"Verfasst von":"Centriplus","Gesch\u00e4tzte Lesezeit":"3\u00a0Minuten"},"schema":{"@context":"https:\/\/schema.org","@graph":[{"@type":"Article","@id":"https:\/\/centriplus.com\/de\/centriplus-announces-its-expansion-into-africa-with-the-launch-of-centriplus-africa\/#article","isPartOf":{"@id":"https:\/\/centriplus.com\/de\/centriplus-announces-its-expansion-into-africa-with-the-launch-of-centriplus-africa\/"},"author":{"name":"Centriplus","@id":"https:\/\/centriplus.com\/de\/#\/schema\/person\/28acecaaa09a98c45bb2dab9c80da196"},"headline":"Centriplus startet mit Centriplus Africa in eine neue \u00c4ra des Wachstums","datePublished":"2025-03-18T21:05:09+00:00","dateModified":"2025-04-16T09:25:50+00:00","mainEntityOfPage":{"@id":"https:\/\/centriplus.com\/de\/centriplus-announces-its-expansion-into-africa-with-the-launch-of-centriplus-africa\/"},"wordCount":789,"publisher":{"@id":"https:\/\/centriplus.com\/de\/#organization"},"image":{"@id":"https:\/\/centriplus.com\/de\/centriplus-announces-its-expansion-into-africa-with-the-launch-of-centriplus-africa\/#primaryimage"},"thumbnailUrl":"https:\/\/centriplus.com\/wp-content\/uploads\/2025\/03\/centriplus-afrikada.jpg","articleSection":["News"],"inLanguage":"de"},{"@type":"WebPage","@id":"https:\/\/centriplus.com\/de\/centriplus-announces-its-expansion-into-africa-with-the-launch-of-centriplus-africa\/","url":"https:\/\/centriplus.com\/de\/centriplus-announces-its-expansion-into-africa-with-the-launch-of-centriplus-africa\/","name":"Centriplus startet mit Centriplus Africa in eine neue \u00c4ra des Wachstums","isPartOf":{"@id":"https:\/\/centriplus.com\/de\/#website"},"primaryImageOfPage":{"@id":"https:\/\/centriplus.com\/de\/centriplus-announces-its-expansion-into-africa-with-the-launch-of-centriplus-africa\/#primaryimage"},"image":{"@id":"https:\/\/centriplus.com\/de\/centriplus-announces-its-expansion-into-africa-with-the-launch-of-centriplus-africa\/#primaryimage"},"thumbnailUrl":"https:\/\/centriplus.com\/wp-content\/uploads\/2025\/03\/centriplus-afrikada.jpg","datePublished":"2025-03-18T21:05:09+00:00","dateModified":"2025-04-16T09:25:50+00:00","description":"Centriplus freut sich, den offiziellen Start von Centriplus Africa bekannt zu geben \u2013 ein bedeutender Schritt im Rahmen unserer internationalen Wachstumsstrategie.","breadcrumb":{"@id":"https:\/\/centriplus.com\/de\/centriplus-announces-its-expansion-into-africa-with-the-launch-of-centriplus-africa\/#breadcrumb"},"inLanguage":"de","potentialAction":[{"@type":"ReadAction","target":["https:\/\/centriplus.com\/de\/centriplus-announces-its-expansion-into-africa-with-the-launch-of-centriplus-africa\/"]}]},{"@type":"ImageObject","inLanguage":"de","@id":"https:\/\/centriplus.com\/de\/centriplus-announces-its-expansion-into-africa-with-the-launch-of-centriplus-africa\/#primaryimage","url":"https:\/\/centriplus.com\/wp-content\/uploads\/2025\/03\/centriplus-afrikada.jpg","contentUrl":"https:\/\/centriplus.com\/wp-content\/uploads\/2025\/03\/centriplus-afrikada.jpg","width":1696,"height":717,"caption":"centriplus afrika"},{"@type":"BreadcrumbList","@id":"https:\/\/centriplus.com\/de\/centriplus-announces-its-expansion-into-africa-with-the-launch-of-centriplus-africa\/#breadcrumb","itemListElement":[{"@type":"ListItem","position":1,"name":"Home","item":"https:\/\/centriplus.com\/de\/"},{"@type":"ListItem","position":2,"name":"Centriplus startet mit Centriplus Africa in eine neue \u00c4ra des Wachstums"}]},{"@type":"WebSite","@id":"https:\/\/centriplus.com\/de\/#website","url":"https:\/\/centriplus.com\/de\/","name":"Centriplus | Keep Producing Plus Value","description":"","publisher":{"@id":"https:\/\/centriplus.com\/de\/#organization"},"potentialAction":[{"@type":"SearchAction","target":{"@type":"EntryPoint","urlTemplate":"https:\/\/centriplus.com\/de\/?s={search_term_string}"},"query-input":{"@type":"PropertyValueSpecification","valueRequired":true,"valueName":"search_term_string"}}],"inLanguage":"de"},{"@type":"Organization","@id":"https:\/\/centriplus.com\/de\/#organization","name":"Centriplus | Keep Producing Plus Value","url":"https:\/\/centriplus.com\/de\/","logo":{"@type":"ImageObject","inLanguage":"de","@id":"https:\/\/centriplus.com\/de\/#\/schema\/logo\/image\/","url":"https:\/\/centriplus.com\/wp-content\/uploads\/2024\/08\/centriplus-company-logo.jpg","contentUrl":"https:\/\/centriplus.com\/wp-content\/uploads\/2024\/08\/centriplus-company-logo.jpg","width":512,"height":512,"caption":"Centriplus | Keep Producing Plus Value"},"image":{"@id":"https:\/\/centriplus.com\/de\/#\/schema\/logo\/image\/"},"sameAs":["https:\/\/www.facebook.com\/centriplusglobal","https:\/\/www.instagram.com\/centriplusseptech\/"]},{"@type":"Person","@id":"https:\/\/centriplus.com\/de\/#\/schema\/person\/28acecaaa09a98c45bb2dab9c80da196","name":"Centriplus","image":{"@type":"ImageObject","inLanguage":"de","@id":"https:\/\/centriplus.com\/wp-content\/uploads\/2024\/07\/cropped-favico-100x100.png","url":"https:\/\/centriplus.com\/wp-content\/uploads\/2024\/07\/cropped-favico-100x100.png","contentUrl":"https:\/\/centriplus.com\/wp-content\/uploads\/2024\/07\/cropped-favico-100x100.png","caption":"Centriplus"},"sameAs":["https:\/\/centriplus.test"],"url":"https:\/\/centriplus.com\/de\/author\/ibrahimturan\/"}]}},"_links":{"self":[{"href":"https:\/\/centriplus.com\/de\/wp-json\/wp\/v2\/posts\/8378","targetHints":{"allow":["GET"]}}],"collection":[{"href":"https:\/\/centriplus.com\/de\/wp-json\/wp\/v2\/posts"}],"about":[{"href":"https:\/\/centriplus.com\/de\/wp-json\/wp\/v2\/types\/post"}],"author":[{"embeddable":true,"href":"https:\/\/centriplus.com\/de\/wp-json\/wp\/v2\/users\/1"}],"replies":[{"embeddable":true,"href":"https:\/\/centriplus.com\/de\/wp-json\/wp\/v2\/comments?post=8378"}],"version-history":[{"count":2,"href":"https:\/\/centriplus.com\/de\/wp-json\/wp\/v2\/posts\/8378\/revisions"}],"predecessor-version":[{"id":8380,"href":"https:\/\/centriplus.com\/de\/wp-json\/wp\/v2\/posts\/8378\/revisions\/8380"}],"wp:featuredmedia":[{"embeddable":true,"href":"https:\/\/centriplus.com\/de\/wp-json\/wp\/v2\/media\/8181"}],"wp:attachment":[{"href":"https:\/\/centriplus.com\/de\/wp-json\/wp\/v2\/media?parent=8378"}],"wp:term":[{"taxonomy":"category","embeddable":true,"href":"https:\/\/centriplus.com\/de\/wp-json\/wp\/v2\/categories?post=8378"},{"taxonomy":"post_tag","embeddable":true,"href":"https:\/\/centriplus.com\/de\/wp-json\/wp\/v2\/tags?post=8378"}],"curies":[{"name":"wp","href":"https:\/\/api.w.org\/{rel}","templated":true}]}}