{"id":7714,"date":"2024-05-15T15:20:46","date_gmt":"2024-05-15T12:20:46","guid":{"rendered":"https:\/\/centriplus.com\/ifat-munich-2024\/"},"modified":"2024-11-20T14:52:16","modified_gmt":"2024-11-20T11:52:16","slug":"ifat-munchen-2024","status":"publish","type":"post","link":"https:\/\/centriplus.com\/de\/ifat-munchen-2024\/","title":{"rendered":"IFAT M\u00fcnchen 2024"},"content":{"rendered":"[vc_row type=&#8220;in_container&#8220; full_screen_row_position=&#8220;middle&#8220; column_margin=&#8220;default&#8220; column_direction=&#8220;default&#8220; column_direction_tablet=&#8220;default&#8220; column_direction_phone=&#8220;default&#8220; scene_position=&#8220;center&#8220; text_color=&#8220;dark&#8220; text_align=&#8220;left&#8220; row_border_radius=&#8220;none&#8220; row_border_radius_applies=&#8220;bg&#8220; overflow=&#8220;visible&#8220; overlay_strength=&#8220;0.3&#8243; gradient_direction=&#8220;left_to_right&#8220; shape_divider_position=&#8220;bottom&#8220; bg_image_animation=&#8220;none&#8220;][vc_column column_padding=&#8220;no-extra-padding&#8220; column_padding_tablet=&#8220;inherit&#8220; column_padding_phone=&#8220;inherit&#8220; column_padding_position=&#8220;all&#8220; column_element_direction_desktop=&#8220;default&#8220; column_element_spacing=&#8220;default&#8220; desktop_text_alignment=&#8220;default&#8220; tablet_text_alignment=&#8220;default&#8220; phone_text_alignment=&#8220;default&#8220; background_color_opacity=&#8220;1&#8243; background_hover_color_opacity=&#8220;1&#8243; column_backdrop_filter=&#8220;none&#8220; column_shadow=&#8220;none&#8220; column_border_radius=&#8220;none&#8220; column_link_target=&#8220;_self&#8220; column_position=&#8220;default&#8220; gradient_direction=&#8220;left_to_right&#8220; overlay_strength=&#8220;0.3&#8243; width=&#8220;1\/1&#8243; tablet_width_inherit=&#8220;default&#8220; animation_type=&#8220;default&#8220; bg_image_animation=&#8220;none&#8220; border_type=&#8220;simple&#8220; column_border_width=&#8220;none&#8220; column_border_style=&#8220;solid&#8220;][vc_column_text css=&#8220;&#8220; text_direction=&#8220;default&#8220;]<span style=\"font-weight: 400;\">Mit gro\u00dfer Freude blicken wir auf unsere erfolgreiche Teilnahme an der IFAT M\u00fcnchen 2024 zur\u00fcck! Die <strong>IFAT<\/strong>, die vom 13. bis <strong>17. Mai 2024<\/strong> stattfand, ist die bedeutendste Messe f\u00fcr Umwelttechnologien, und sie bot uns eine exzellente Plattform, um unsere innovativen Service-L\u00f6sungen f\u00fcr die Abfall- und Wasseraufbereitungsindustrie zu pr\u00e4sentieren.<\/span><\/p>\n<p><span style=\"font-weight: 400;\">Es war uns eine Freude, Ihnen einige Highlights unserer Zeit auf der <strong>IFAT M\u00fcnchen 2024<\/strong> zu zeigen!<\/span><\/p>\n<p><span style=\"font-weight: 400;\">Hier ein paar Eindr\u00fccke von unserem Stand sowie von den interessanten Gespr\u00e4chen, die wir mit Fachleuten der Branche f\u00fchren konnten. Wir m\u00f6chten uns ganz herzlich bei allen bedanken, die uns besucht und Interesse an unseren Technologien gezeigt haben. Ihr Feedback und Ihre Begeisterung machen Veranstaltungen wie die IFAT M\u00fcnchen so wertvoll und inspirierend.<\/span><\/p>\n<p style=\"font-weight: 400;\"><span style=\"font-weight: 400;\">Die wertvollen Kontakte und gewonnenen Erkenntnisse von der IFAT M\u00fcnchen werden uns dabei helfen, unsere Innovationen weiter voranzutreiben und unsere Expertise im Bereich Umweltmanagement weiter zu st\u00e4rken, um Ihnen noch besser zur Seite stehen zu k\u00f6nnen.<\/span><span style=\"font-weight: 400;\"><br \/>\n<\/span><\/p>\n[\/vc_column_text][\/vc_column][\/vc_row][vc_row type=&#8220;in_container&#8220; full_screen_row_position=&#8220;middle&#8220; column_margin=&#8220;default&#8220; column_direction=&#8220;default&#8220; column_direction_tablet=&#8220;default&#8220; column_direction_phone=&#8220;default&#8220; scene_position=&#8220;center&#8220; text_color=&#8220;dark&#8220; text_align=&#8220;left&#8220; row_border_radius=&#8220;none&#8220; row_border_radius_applies=&#8220;bg&#8220; overflow=&#8220;visible&#8220; overlay_strength=&#8220;0.3&#8243; gradient_direction=&#8220;left_to_right&#8220; shape_divider_position=&#8220;bottom&#8220; bg_image_animation=&#8220;none&#8220;][vc_column column_padding=&#8220;no-extra-padding&#8220; column_padding_tablet=&#8220;inherit&#8220; column_padding_phone=&#8220;inherit&#8220; column_padding_position=&#8220;all&#8220; column_element_direction_desktop=&#8220;default&#8220; column_element_spacing=&#8220;default&#8220; desktop_text_alignment=&#8220;default&#8220; tablet_text_alignment=&#8220;default&#8220; phone_text_alignment=&#8220;default&#8220; background_color_opacity=&#8220;1&#8243; background_hover_color_opacity=&#8220;1&#8243; column_backdrop_filter=&#8220;none&#8220; column_shadow=&#8220;none&#8220; column_border_radius=&#8220;none&#8220; column_link_target=&#8220;_self&#8220; column_position=&#8220;default&#8220; gradient_direction=&#8220;left_to_right&#8220; overlay_strength=&#8220;0.3&#8243; width=&#8220;1\/1&#8243; tablet_width_inherit=&#8220;default&#8220; animation_type=&#8220;default&#8220; bg_image_animation=&#8220;none&#8220; border_type=&#8220;simple&#8220; column_border_width=&#8220;none&#8220; column_border_style=&#8220;solid&#8220;][vc_gallery css=&#8220;&#8220; type=&#8220;image_grid&#8220; images=&#8220;7001,7009&#8243; image_grid_loading=&#8220;default&#8220; layout=&#8220;3&#8243; item_spacing=&#8220;default&#8220; gallery_style=&#8220;7&#8243; load_in_animation=&#8220;none&#8220;][\/vc_column][\/vc_row]\n","protected":false},"excerpt":{"rendered":"<p>[vc_row type=&#8220;in_container&#8220; full_screen_row_position=&#8220;middle&#8220; column_margin=&#8220;default&#8220; column_direction=&#8220;default&#8220; column_direction_tablet=&#8220;default&#8220; column_direction_phone=&#8220;default&#8220; scene_position=&#8220;center&#8220; text_color=&#8220;dark&#8220; text_align=&#8220;left&#8220; row_border_radius=&#8220;none&#8220; row_border_radius_applies=&#8220;bg&#8220; overflow=&#8220;visible&#8220; overlay_strength=&#8220;0.3&#8243; gradient_direction=&#8220;left_to_right&#8220;&#8230;<\/p>\n","protected":false},"author":1,"featured_media":7002,"comment_status":"closed","ping_status":"open","sticky":false,"template":"","format":"standard","meta":{"footnotes":""},"categories":[55],"tags":[],"class_list":{"0":"post-7714","1":"post","2":"type-post","3":"status-publish","4":"format-standard","5":"has-post-thumbnail","7":"category-news-de"},"yoast_head":"<!-- This site is optimized with the Yoast SEO plugin v27.5 - https:\/\/yoast.com\/product\/yoast-seo-wordpress\/ -->\n<title>IFAT M\u00fcnchen 2024 - Centriplus | Keep Producing Plus Value<\/title>\n<meta name=\"description\" content=\"Mit gro\u00dfer Freude blicken wir auf unsere erfolgreiche Teilnahme an der IFAT M\u00fcnchen 2024 zur\u00fcck! Die IFAT, die vom 13. bis 17. Mai 2024\" \/>\n<meta name=\"robots\" content=\"index, follow, max-snippet:-1, max-image-preview:large, max-video-preview:-1\" \/>\n<link rel=\"canonical\" href=\"https:\/\/centriplus.com\/de\/ifat-munchen-2024\/\" \/>\n<meta property=\"og:locale\" content=\"de_DE\" \/>\n<meta property=\"og:type\" content=\"article\" \/>\n<meta property=\"og:title\" content=\"IFAT M\u00fcnchen 2024 - Centriplus | Keep Producing Plus Value\" \/>\n<meta property=\"og:description\" content=\"Mit gro\u00dfer Freude blicken wir auf unsere erfolgreiche Teilnahme an der IFAT M\u00fcnchen 2024 zur\u00fcck! Die IFAT, die vom 13. bis 17. Mai 2024\" \/>\n<meta property=\"og:url\" content=\"https:\/\/centriplus.com\/de\/ifat-munchen-2024\/\" \/>\n<meta property=\"og:site_name\" content=\"Centriplus | Keep Producing Plus Value\" \/>\n<meta property=\"article:publisher\" content=\"https:\/\/www.facebook.com\/centriplusglobal\" \/>\n<meta property=\"article:published_time\" content=\"2024-05-15T12:20:46+00:00\" \/>\n<meta property=\"article:modified_time\" content=\"2024-11-20T11:52:16+00:00\" \/>\n<meta property=\"og:image\" content=\"https:\/\/centriplus.com\/wp-content\/uploads\/2024\/07\/centriplus-ifat-munich-01.jpg\" \/>\n\t<meta property=\"og:image:width\" content=\"1030\" \/>\n\t<meta property=\"og:image:height\" content=\"1080\" \/>\n\t<meta property=\"og:image:type\" content=\"image\/jpeg\" \/>\n<meta name=\"author\" content=\"Centriplus\" \/>\n<meta name=\"twitter:card\" content=\"summary_large_image\" \/>\n<meta name=\"twitter:label1\" content=\"Verfasst von\" \/>\n\t<meta name=\"twitter:data1\" content=\"Centriplus\" \/>\n\t<meta name=\"twitter:label2\" content=\"Gesch\u00e4tzte Lesezeit\" \/>\n\t<meta name=\"twitter:data2\" content=\"2\u00a0Minuten\" \/>\n<script type=\"application\/ld+json\" class=\"yoast-schema-graph\">{\"@context\":\"https:\\\/\\\/schema.org\",\"@graph\":[{\"@type\":\"Article\",\"@id\":\"https:\\\/\\\/centriplus.com\\\/de\\\/ifat-munchen-2024\\\/#article\",\"isPartOf\":{\"@id\":\"https:\\\/\\\/centriplus.com\\\/de\\\/ifat-munchen-2024\\\/\"},\"author\":{\"name\":\"Centriplus\",\"@id\":\"https:\\\/\\\/centriplus.com\\\/de\\\/#\\\/schema\\\/person\\\/28acecaaa09a98c45bb2dab9c80da196\"},\"headline\":\"IFAT M\u00fcnchen 2024\",\"datePublished\":\"2024-05-15T12:20:46+00:00\",\"dateModified\":\"2024-11-20T11:52:16+00:00\",\"mainEntityOfPage\":{\"@id\":\"https:\\\/\\\/centriplus.com\\\/de\\\/ifat-munchen-2024\\\/\"},\"wordCount\":512,\"publisher\":{\"@id\":\"https:\\\/\\\/centriplus.com\\\/de\\\/#organization\"},\"image\":{\"@id\":\"https:\\\/\\\/centriplus.com\\\/de\\\/ifat-munchen-2024\\\/#primaryimage\"},\"thumbnailUrl\":\"https:\\\/\\\/centriplus.com\\\/wp-content\\\/uploads\\\/2024\\\/07\\\/centriplus-ifat-munich-01.jpg\",\"articleSection\":[\"News\"],\"inLanguage\":\"de\"},{\"@type\":\"WebPage\",\"@id\":\"https:\\\/\\\/centriplus.com\\\/de\\\/ifat-munchen-2024\\\/\",\"url\":\"https:\\\/\\\/centriplus.com\\\/de\\\/ifat-munchen-2024\\\/\",\"name\":\"IFAT M\u00fcnchen 2024 - Centriplus | Keep Producing Plus Value\",\"isPartOf\":{\"@id\":\"https:\\\/\\\/centriplus.com\\\/de\\\/#website\"},\"primaryImageOfPage\":{\"@id\":\"https:\\\/\\\/centriplus.com\\\/de\\\/ifat-munchen-2024\\\/#primaryimage\"},\"image\":{\"@id\":\"https:\\\/\\\/centriplus.com\\\/de\\\/ifat-munchen-2024\\\/#primaryimage\"},\"thumbnailUrl\":\"https:\\\/\\\/centriplus.com\\\/wp-content\\\/uploads\\\/2024\\\/07\\\/centriplus-ifat-munich-01.jpg\",\"datePublished\":\"2024-05-15T12:20:46+00:00\",\"dateModified\":\"2024-11-20T11:52:16+00:00\",\"description\":\"Mit gro\u00dfer Freude blicken wir auf unsere erfolgreiche Teilnahme an der IFAT M\u00fcnchen 2024 zur\u00fcck! Die IFAT, die vom 13. bis 17. Mai 2024\",\"breadcrumb\":{\"@id\":\"https:\\\/\\\/centriplus.com\\\/de\\\/ifat-munchen-2024\\\/#breadcrumb\"},\"inLanguage\":\"de\",\"potentialAction\":[{\"@type\":\"ReadAction\",\"target\":[\"https:\\\/\\\/centriplus.com\\\/de\\\/ifat-munchen-2024\\\/\"]}]},{\"@type\":\"ImageObject\",\"inLanguage\":\"de\",\"@id\":\"https:\\\/\\\/centriplus.com\\\/de\\\/ifat-munchen-2024\\\/#primaryimage\",\"url\":\"https:\\\/\\\/centriplus.com\\\/wp-content\\\/uploads\\\/2024\\\/07\\\/centriplus-ifat-munich-01.jpg\",\"contentUrl\":\"https:\\\/\\\/centriplus.com\\\/wp-content\\\/uploads\\\/2024\\\/07\\\/centriplus-ifat-munich-01.jpg\",\"width\":1030,\"height\":1080,\"caption\":\"centriplus ifat munich 2024\"},{\"@type\":\"BreadcrumbList\",\"@id\":\"https:\\\/\\\/centriplus.com\\\/de\\\/ifat-munchen-2024\\\/#breadcrumb\",\"itemListElement\":[{\"@type\":\"ListItem\",\"position\":1,\"name\":\"Home\",\"item\":\"https:\\\/\\\/centriplus.com\\\/de\\\/\"},{\"@type\":\"ListItem\",\"position\":2,\"name\":\"IFAT M\u00fcnchen 2024\"}]},{\"@type\":\"WebSite\",\"@id\":\"https:\\\/\\\/centriplus.com\\\/de\\\/#website\",\"url\":\"https:\\\/\\\/centriplus.com\\\/de\\\/\",\"name\":\"Centriplus | Keep Producing Plus Value\",\"description\":\"\",\"publisher\":{\"@id\":\"https:\\\/\\\/centriplus.com\\\/de\\\/#organization\"},\"potentialAction\":[{\"@type\":\"SearchAction\",\"target\":{\"@type\":\"EntryPoint\",\"urlTemplate\":\"https:\\\/\\\/centriplus.com\\\/de\\\/?s={search_term_string}\"},\"query-input\":{\"@type\":\"PropertyValueSpecification\",\"valueRequired\":true,\"valueName\":\"search_term_string\"}}],\"inLanguage\":\"de\"},{\"@type\":\"Organization\",\"@id\":\"https:\\\/\\\/centriplus.com\\\/de\\\/#organization\",\"name\":\"Centriplus | Keep Producing Plus Value\",\"url\":\"https:\\\/\\\/centriplus.com\\\/de\\\/\",\"logo\":{\"@type\":\"ImageObject\",\"inLanguage\":\"de\",\"@id\":\"https:\\\/\\\/centriplus.com\\\/de\\\/#\\\/schema\\\/logo\\\/image\\\/\",\"url\":\"https:\\\/\\\/centriplus.com\\\/wp-content\\\/uploads\\\/2024\\\/08\\\/centriplus-company-logo.jpg\",\"contentUrl\":\"https:\\\/\\\/centriplus.com\\\/wp-content\\\/uploads\\\/2024\\\/08\\\/centriplus-company-logo.jpg\",\"width\":512,\"height\":512,\"caption\":\"Centriplus | Keep Producing Plus Value\"},\"image\":{\"@id\":\"https:\\\/\\\/centriplus.com\\\/de\\\/#\\\/schema\\\/logo\\\/image\\\/\"},\"sameAs\":[\"https:\\\/\\\/www.facebook.com\\\/centriplusglobal\",\"https:\\\/\\\/www.instagram.com\\\/centriplusseptech\\\/\"]},{\"@type\":\"Person\",\"@id\":\"https:\\\/\\\/centriplus.com\\\/de\\\/#\\\/schema\\\/person\\\/28acecaaa09a98c45bb2dab9c80da196\",\"name\":\"Centriplus\",\"image\":{\"@type\":\"ImageObject\",\"inLanguage\":\"de\",\"@id\":\"https:\\\/\\\/centriplus.com\\\/wp-content\\\/uploads\\\/2024\\\/07\\\/cropped-favico-100x100.png\",\"url\":\"https:\\\/\\\/centriplus.com\\\/wp-content\\\/uploads\\\/2024\\\/07\\\/cropped-favico-100x100.png\",\"contentUrl\":\"https:\\\/\\\/centriplus.com\\\/wp-content\\\/uploads\\\/2024\\\/07\\\/cropped-favico-100x100.png\",\"caption\":\"Centriplus\"},\"sameAs\":[\"https:\\\/\\\/centriplus.test\"],\"url\":\"https:\\\/\\\/centriplus.com\\\/de\\\/author\\\/ibrahimturan\\\/\"}]}<\/script>\n<!-- \/ Yoast SEO plugin. -->","yoast_head_json":{"title":"IFAT M\u00fcnchen 2024 - Centriplus | Keep Producing Plus Value","description":"Mit gro\u00dfer Freude blicken wir auf unsere erfolgreiche Teilnahme an der IFAT M\u00fcnchen 2024 zur\u00fcck! Die IFAT, die vom 13. bis 17. Mai 2024","robots":{"index":"index","follow":"follow","max-snippet":"max-snippet:-1","max-image-preview":"max-image-preview:large","max-video-preview":"max-video-preview:-1"},"canonical":"https:\/\/centriplus.com\/de\/ifat-munchen-2024\/","og_locale":"de_DE","og_type":"article","og_title":"IFAT M\u00fcnchen 2024 - Centriplus | Keep Producing Plus Value","og_description":"Mit gro\u00dfer Freude blicken wir auf unsere erfolgreiche Teilnahme an der IFAT M\u00fcnchen 2024 zur\u00fcck! Die IFAT, die vom 13. bis 17. Mai 2024","og_url":"https:\/\/centriplus.com\/de\/ifat-munchen-2024\/","og_site_name":"Centriplus | Keep Producing Plus Value","article_publisher":"https:\/\/www.facebook.com\/centriplusglobal","article_published_time":"2024-05-15T12:20:46+00:00","article_modified_time":"2024-11-20T11:52:16+00:00","og_image":[{"width":1030,"height":1080,"url":"https:\/\/centriplus.com\/wp-content\/uploads\/2024\/07\/centriplus-ifat-munich-01.jpg","type":"image\/jpeg"}],"author":"Centriplus","twitter_card":"summary_large_image","twitter_misc":{"Verfasst von":"Centriplus","Gesch\u00e4tzte Lesezeit":"2\u00a0Minuten"},"schema":{"@context":"https:\/\/schema.org","@graph":[{"@type":"Article","@id":"https:\/\/centriplus.com\/de\/ifat-munchen-2024\/#article","isPartOf":{"@id":"https:\/\/centriplus.com\/de\/ifat-munchen-2024\/"},"author":{"name":"Centriplus","@id":"https:\/\/centriplus.com\/de\/#\/schema\/person\/28acecaaa09a98c45bb2dab9c80da196"},"headline":"IFAT M\u00fcnchen 2024","datePublished":"2024-05-15T12:20:46+00:00","dateModified":"2024-11-20T11:52:16+00:00","mainEntityOfPage":{"@id":"https:\/\/centriplus.com\/de\/ifat-munchen-2024\/"},"wordCount":512,"publisher":{"@id":"https:\/\/centriplus.com\/de\/#organization"},"image":{"@id":"https:\/\/centriplus.com\/de\/ifat-munchen-2024\/#primaryimage"},"thumbnailUrl":"https:\/\/centriplus.com\/wp-content\/uploads\/2024\/07\/centriplus-ifat-munich-01.jpg","articleSection":["News"],"inLanguage":"de"},{"@type":"WebPage","@id":"https:\/\/centriplus.com\/de\/ifat-munchen-2024\/","url":"https:\/\/centriplus.com\/de\/ifat-munchen-2024\/","name":"IFAT M\u00fcnchen 2024 - Centriplus | Keep Producing Plus Value","isPartOf":{"@id":"https:\/\/centriplus.com\/de\/#website"},"primaryImageOfPage":{"@id":"https:\/\/centriplus.com\/de\/ifat-munchen-2024\/#primaryimage"},"image":{"@id":"https:\/\/centriplus.com\/de\/ifat-munchen-2024\/#primaryimage"},"thumbnailUrl":"https:\/\/centriplus.com\/wp-content\/uploads\/2024\/07\/centriplus-ifat-munich-01.jpg","datePublished":"2024-05-15T12:20:46+00:00","dateModified":"2024-11-20T11:52:16+00:00","description":"Mit gro\u00dfer Freude blicken wir auf unsere erfolgreiche Teilnahme an der IFAT M\u00fcnchen 2024 zur\u00fcck! Die IFAT, die vom 13. bis 17. Mai 2024","breadcrumb":{"@id":"https:\/\/centriplus.com\/de\/ifat-munchen-2024\/#breadcrumb"},"inLanguage":"de","potentialAction":[{"@type":"ReadAction","target":["https:\/\/centriplus.com\/de\/ifat-munchen-2024\/"]}]},{"@type":"ImageObject","inLanguage":"de","@id":"https:\/\/centriplus.com\/de\/ifat-munchen-2024\/#primaryimage","url":"https:\/\/centriplus.com\/wp-content\/uploads\/2024\/07\/centriplus-ifat-munich-01.jpg","contentUrl":"https:\/\/centriplus.com\/wp-content\/uploads\/2024\/07\/centriplus-ifat-munich-01.jpg","width":1030,"height":1080,"caption":"centriplus ifat munich 2024"},{"@type":"BreadcrumbList","@id":"https:\/\/centriplus.com\/de\/ifat-munchen-2024\/#breadcrumb","itemListElement":[{"@type":"ListItem","position":1,"name":"Home","item":"https:\/\/centriplus.com\/de\/"},{"@type":"ListItem","position":2,"name":"IFAT M\u00fcnchen 2024"}]},{"@type":"WebSite","@id":"https:\/\/centriplus.com\/de\/#website","url":"https:\/\/centriplus.com\/de\/","name":"Centriplus | Keep Producing Plus Value","description":"","publisher":{"@id":"https:\/\/centriplus.com\/de\/#organization"},"potentialAction":[{"@type":"SearchAction","target":{"@type":"EntryPoint","urlTemplate":"https:\/\/centriplus.com\/de\/?s={search_term_string}"},"query-input":{"@type":"PropertyValueSpecification","valueRequired":true,"valueName":"search_term_string"}}],"inLanguage":"de"},{"@type":"Organization","@id":"https:\/\/centriplus.com\/de\/#organization","name":"Centriplus | Keep Producing Plus Value","url":"https:\/\/centriplus.com\/de\/","logo":{"@type":"ImageObject","inLanguage":"de","@id":"https:\/\/centriplus.com\/de\/#\/schema\/logo\/image\/","url":"https:\/\/centriplus.com\/wp-content\/uploads\/2024\/08\/centriplus-company-logo.jpg","contentUrl":"https:\/\/centriplus.com\/wp-content\/uploads\/2024\/08\/centriplus-company-logo.jpg","width":512,"height":512,"caption":"Centriplus | Keep Producing Plus Value"},"image":{"@id":"https:\/\/centriplus.com\/de\/#\/schema\/logo\/image\/"},"sameAs":["https:\/\/www.facebook.com\/centriplusglobal","https:\/\/www.instagram.com\/centriplusseptech\/"]},{"@type":"Person","@id":"https:\/\/centriplus.com\/de\/#\/schema\/person\/28acecaaa09a98c45bb2dab9c80da196","name":"Centriplus","image":{"@type":"ImageObject","inLanguage":"de","@id":"https:\/\/centriplus.com\/wp-content\/uploads\/2024\/07\/cropped-favico-100x100.png","url":"https:\/\/centriplus.com\/wp-content\/uploads\/2024\/07\/cropped-favico-100x100.png","contentUrl":"https:\/\/centriplus.com\/wp-content\/uploads\/2024\/07\/cropped-favico-100x100.png","caption":"Centriplus"},"sameAs":["https:\/\/centriplus.test"],"url":"https:\/\/centriplus.com\/de\/author\/ibrahimturan\/"}]}},"_links":{"self":[{"href":"https:\/\/centriplus.com\/de\/wp-json\/wp\/v2\/posts\/7714","targetHints":{"allow":["GET"]}}],"collection":[{"href":"https:\/\/centriplus.com\/de\/wp-json\/wp\/v2\/posts"}],"about":[{"href":"https:\/\/centriplus.com\/de\/wp-json\/wp\/v2\/types\/post"}],"author":[{"embeddable":true,"href":"https:\/\/centriplus.com\/de\/wp-json\/wp\/v2\/users\/1"}],"replies":[{"embeddable":true,"href":"https:\/\/centriplus.com\/de\/wp-json\/wp\/v2\/comments?post=7714"}],"version-history":[{"count":2,"href":"https:\/\/centriplus.com\/de\/wp-json\/wp\/v2\/posts\/7714\/revisions"}],"predecessor-version":[{"id":7716,"href":"https:\/\/centriplus.com\/de\/wp-json\/wp\/v2\/posts\/7714\/revisions\/7716"}],"wp:featuredmedia":[{"embeddable":true,"href":"https:\/\/centriplus.com\/de\/wp-json\/wp\/v2\/media\/7002"}],"wp:attachment":[{"href":"https:\/\/centriplus.com\/de\/wp-json\/wp\/v2\/media?parent=7714"}],"wp:term":[{"taxonomy":"category","embeddable":true,"href":"https:\/\/centriplus.com\/de\/wp-json\/wp\/v2\/categories?post=7714"},{"taxonomy":"post_tag","embeddable":true,"href":"https:\/\/centriplus.com\/de\/wp-json\/wp\/v2\/tags?post=7714"}],"curies":[{"name":"wp","href":"https:\/\/api.w.org\/{rel}","templated":true}]}}